{"id":8723,"date":"2016-08-05T21:18:00","date_gmt":"2016-08-06T00:18:00","guid":{"rendered":"http:\/\/blogdoedvaldomagalhaes.com.br\/index.php\/2016\/08\/05\/jorge-gomes-e-louise-caroline-na-chapa\/"},"modified":"2019-02-09T00:53:48","modified_gmt":"2019-02-09T02:53:48","slug":"jorge-gomes-e-louise-caroline-na-chapa","status":"publish","type":"post","link":"https:\/\/blogdoedvaldomagalhaes.com.br\/index.php\/2016\/08\/05\/jorge-gomes-e-louise-caroline-na-chapa\/","title":{"rendered":"Jorge Gomes e Louise Caroline na chapa da situa\u00e7\u00e3o"},"content":{"rendered":"<div class=\"separator\" style=\"clear: both; text-align: center;\">\n<a href=\"https:\/\/1.bp.blogspot.com\/-E14N31i0TXE\/V6UCBZ3k9uI\/AAAAAAAADzQ\/XlJyxcy7IbIJ8sIVoU95nqrqHotBkBfnACLcB\/s1600\/IMG-20160805-WA0011.jpg\" imageanchor=\"1\" style=\"margin-left: 1em; margin-right: 1em;\"><img loading=\"lazy\" decoding=\"async\" border=\"0\" height=\"300\" src=\"http:\/\/blogdoedvaldomagalhaes.com.br\/wp-content\/uploads\/2016\/08\/IMG-20160805-WA0011.jpg\" width=\"400\" \/><\/a><\/div>\n<p><\/p>\n<div style=\"text-align: justify;\">\nA chapa da situa\u00e7\u00e3o que vai concorrer \u00e0s elei\u00e7\u00f5es de outubro em Caruaru \u00e9 formada pelo atual vice-prefeito Jorge Gomes (PSB) e a ex-secret\u00e1ria municipal da mulher Louise Caroline (PT), a conven\u00e7\u00e3o que homologou os nomes dos dois foi realizada no Espa\u00e7o Renato Machado, as margens da PE-95.&nbsp;<\/p>\n<div class=\"separator\" style=\"clear: both; text-align: center;\">\n<\/div>\n<p><\/div>\n<p><\/p>\n<div class=\"separator\" style=\"clear: both; text-align: center;\">\n<a href=\"https:\/\/1.bp.blogspot.com\/-gys711WsDms\/V6UCJTT3bkI\/AAAAAAAADzU\/dLJGCAIKHrQWEBEKIJyFvIG7FGOvnyagACLcB\/s1600\/Jorge%2B%25282%2529.jpg\" imageanchor=\"1\" style=\"margin-left: 1em; margin-right: 1em;\"><img loading=\"lazy\" decoding=\"async\" border=\"0\" height=\"300\" src=\"http:\/\/blogdoedvaldomagalhaes.com.br\/wp-content\/uploads\/2016\/08\/Jorge28229.jpg\" width=\"400\" \/><\/a><\/div>\n<p><\/p>\n<div class=\"separator\" style=\"clear: both; text-align: center;\">\n<a href=\"https:\/\/1.bp.blogspot.com\/-f5R0BEz8Pik\/V6UCK3rabnI\/AAAAAAAADzY\/s5bneqvf2Ig5wOfnrKagwZinbioPWvjzgCLcB\/s1600\/Jorge%2B%25284%2529.jpg\" imageanchor=\"1\" style=\"margin-left: 1em; margin-right: 1em;\"><img loading=\"lazy\" decoding=\"async\" border=\"0\" height=\"225\" src=\"http:\/\/blogdoedvaldomagalhaes.com.br\/wp-content\/uploads\/2016\/08\/Jorge28429.jpg\" width=\"400\" \/><\/a><\/div>\n<p><\/p>\n<div class=\"separator\" style=\"clear: both; text-align: center;\">\n<a href=\"https:\/\/3.bp.blogspot.com\/-joY2ABQnEK0\/V6UCLjt-vRI\/AAAAAAAADzc\/MR9X03I6o3Qa_WTKoJiekmkHUZ6nLDZtQCLcB\/s1600\/Jorge%2B%25281%2529.jpg\" imageanchor=\"1\" style=\"margin-left: 1em; margin-right: 1em;\"><img loading=\"lazy\" decoding=\"async\" border=\"0\" height=\"225\" src=\"http:\/\/blogdoedvaldomagalhaes.com.br\/wp-content\/uploads\/2016\/08\/Jorge28129.jpg\" width=\"400\" \/><\/a><\/div>\n<p><\/p>\n","protected":false},"excerpt":{"rendered":"<p>A chapa da situa\u00e7\u00e3o que vai concorrer \u00e0s elei\u00e7\u00f5es de outubro em Caruaru \u00e9 formada pelo atual vice-prefeito Jorge Gomes&hellip;<\/p>\n","protected":false},"author":1,"featured_media":0,"comment_status":"open","ping_status":"open","sticky":false,"template":"","format":"standard","meta":{"footnotes":""},"categories":[1],"tags":[2,13042,20,381,3217,13043,13044],"class_list":["post-8723","post","type-post","status-publish","format-standard","hentry","category-sem-categoria","tag-blog-do-edvaldo-magalhaes","tag-jorge-gomes-e-louise-caroline-na-chapa-da-situacao","tag-politica","tag-psb","tag-pt","tag-secretaria-municipal-da-mulher","tag-vice-prefeito-de-caruaru"],"_links":{"self":[{"href":"https:\/\/blogdoedvaldomagalhaes.com.br\/index.php\/wp-json\/wp\/v2\/posts\/8723","targetHints":{"allow":["GET"]}}],"collection":[{"href":"https:\/\/blogdoedvaldomagalhaes.com.br\/index.php\/wp-json\/wp\/v2\/posts"}],"about":[{"href":"https:\/\/blogdoedvaldomagalhaes.com.br\/index.php\/wp-json\/wp\/v2\/types\/post"}],"author":[{"embeddable":true,"href":"https:\/\/blogdoedvaldomagalhaes.com.br\/index.php\/wp-json\/wp\/v2\/users\/1"}],"replies":[{"embeddable":true,"href":"https:\/\/blogdoedvaldomagalhaes.com.br\/index.php\/wp-json\/wp\/v2\/comments?post=8723"}],"version-history":[{"count":1,"href":"https:\/\/blogdoedvaldomagalhaes.com.br\/index.php\/wp-json\/wp\/v2\/posts\/8723\/revisions"}],"predecessor-version":[{"id":11063,"href":"https:\/\/blogdoedvaldomagalhaes.com.br\/index.php\/wp-json\/wp\/v2\/posts\/8723\/revisions\/11063"}],"wp:attachment":[{"href":"https:\/\/blogdoedvaldomagalhaes.com.br\/index.php\/wp-json\/wp\/v2\/media?parent=8723"}],"wp:term":[{"taxonomy":"category","embeddable":true,"href":"https:\/\/blogdoedvaldomagalhaes.com.br\/index.php\/wp-json\/wp\/v2\/categories?post=8723"},{"taxonomy":"post_tag","embeddable":true,"href":"https:\/\/blogdoedvaldomagalhaes.com.br\/index.php\/wp-json\/wp\/v2\/tags?post=8723"}],"curies":[{"name":"wp","href":"https:\/\/api.w.org\/{rel}","templated":true}]}}