{"id":8716,"date":"2016-08-06T11:56:00","date_gmt":"2016-08-06T14:56:00","guid":{"rendered":"http:\/\/blogdoedvaldomagalhaes.com.br\/index.php\/2016\/08\/06\/academia-caruaruense-de-literatura-de-2\/"},"modified":"2019-02-09T00:53:56","modified_gmt":"2019-02-09T02:53:56","slug":"academia-caruaruense-de-literatura-de-2","status":"publish","type":"post","link":"https:\/\/blogdoedvaldomagalhaes.com.br\/index.php\/2016\/08\/06\/academia-caruaruense-de-literatura-de-2\/","title":{"rendered":"Academia Caruaruense de Literatura de Cordel \u00e9 inaugurada em Caruaru"},"content":{"rendered":"<div class=\"separator\" style=\"clear: both; text-align: center;\">\n<a href=\"https:\/\/4.bp.blogspot.com\/-CVJIdQKvJa4\/V6XP_Sqa5eI\/AAAAAAAAD3o\/RjqNMH55VwQ4_KhO72EYw9ggHtB1tJQ-ACLcB\/s1600\/cordel.jpg\" imageanchor=\"1\" style=\"margin-left: 1em; margin-right: 1em;\"><img loading=\"lazy\" decoding=\"async\" border=\"0\" height=\"300\" src=\"http:\/\/blogdoedvaldomagalhaes.com.br\/wp-content\/uploads\/2016\/08\/cordel.jpg\" width=\"400\" \/><\/a><\/div>\n<div style=\"color: #333333; list-style: none; text-align: justify;\">\n<\/div>\n<div style=\"color: #333333; list-style: none; text-align: justify;\">\nNeste s\u00e1bado (06), acontece a inaugura\u00e7\u00e3o da sede da Academia Caruaruense de Literatura de Cordel (ACLC), no Polo Cultural da Esta\u00e7\u00e3o Ferrovi\u00e1ria. Na programa\u00e7\u00e3o consta poesia, m\u00fasica e diversas linguagens art\u00edsticas, al\u00e9m da 1\u00aa Expo Cordel.<\/div>\n<div style=\"color: #333333; list-style: none; text-align: justify;\">\n&nbsp;<\/div>\n<div style=\"color: #333333; list-style: none; text-align: justify;\">\nDurante todo dia ser\u00e3o expostos para leitura e comercializa\u00e7\u00e3o cord\u00e9is dos mais diversos autores, incluindo cl\u00e1ssicos e novos t\u00edtulos da literatura popular, entre outras atividades. Uma vasta programa\u00e7\u00e3o ser\u00e1 iniciada \u00e0s 10h e a previs\u00e3o \u00e9 que seja encerrada \u00e0s 21h30.<\/div>\n<div style=\"color: #333333; list-style: none; text-align: justify;\">\n&nbsp;<\/div>\n<div style=\"color: #333333; list-style: none; text-align: justify;\">\nA solenidade de recep\u00e7\u00e3o dos novos integrantes da ACLC ter\u00e1 in\u00edcio \u00e0s 19h. Dilma Fran\u00e7a, S\u00f4nia Gerv\u00e1sio, Roberto Celestino e Valdez Soares ser\u00e3o recepcionados festivamente pela institui\u00e7\u00e3o. Haver\u00e1 a entrega de t\u00edtulos de Benem\u00e9ritos a v\u00e1rios artistas de relev\u00e2ncia para a hist\u00f3ria da Academia.<\/div>\n","protected":false},"excerpt":{"rendered":"<p>Neste s\u00e1bado (06), acontece a inaugura\u00e7\u00e3o da sede da Academia Caruaruense de Literatura de Cordel (ACLC), no Polo Cultural da&hellip;<\/p>\n","protected":false},"author":1,"featured_media":0,"comment_status":"open","ping_status":"open","sticky":false,"template":"","format":"standard","meta":{"footnotes":""},"categories":[1],"tags":[8896,12013,2,13030,13031,6,13032,13033,8311],"class_list":["post-8716","post","type-post","status-publish","format-standard","hentry","category-sem-categoria","tag-academia-caruaruense-de-literatura-de-cordel","tag-aclc","tag-blog-do-edvaldo-magalhaes","tag-dilma-franca","tag-expo-cordel","tag-noticias","tag-roberto-celestino","tag-sonia-gervasio","tag-valdez-soares"],"_links":{"self":[{"href":"https:\/\/blogdoedvaldomagalhaes.com.br\/index.php\/wp-json\/wp\/v2\/posts\/8716","targetHints":{"allow":["GET"]}}],"collection":[{"href":"https:\/\/blogdoedvaldomagalhaes.com.br\/index.php\/wp-json\/wp\/v2\/posts"}],"about":[{"href":"https:\/\/blogdoedvaldomagalhaes.com.br\/index.php\/wp-json\/wp\/v2\/types\/post"}],"author":[{"embeddable":true,"href":"https:\/\/blogdoedvaldomagalhaes.com.br\/index.php\/wp-json\/wp\/v2\/users\/1"}],"replies":[{"embeddable":true,"href":"https:\/\/blogdoedvaldomagalhaes.com.br\/index.php\/wp-json\/wp\/v2\/comments?post=8716"}],"version-history":[{"count":1,"href":"https:\/\/blogdoedvaldomagalhaes.com.br\/index.php\/wp-json\/wp\/v2\/posts\/8716\/revisions"}],"predecessor-version":[{"id":11092,"href":"https:\/\/blogdoedvaldomagalhaes.com.br\/index.php\/wp-json\/wp\/v2\/posts\/8716\/revisions\/11092"}],"wp:attachment":[{"href":"https:\/\/blogdoedvaldomagalhaes.com.br\/index.php\/wp-json\/wp\/v2\/media?parent=8716"}],"wp:term":[{"taxonomy":"category","embeddable":true,"href":"https:\/\/blogdoedvaldomagalhaes.com.br\/index.php\/wp-json\/wp\/v2\/categories?post=8716"},{"taxonomy":"post_tag","embeddable":true,"href":"https:\/\/blogdoedvaldomagalhaes.com.br\/index.php\/wp-json\/wp\/v2\/tags?post=8716"}],"curies":[{"name":"wp","href":"https:\/\/api.w.org\/{rel}","templated":true}]}}