{"id":870,"date":"2018-10-28T17:29:00","date_gmt":"2018-10-28T19:29:00","guid":{"rendered":"http:\/\/blogdoedvaldomagalhaes.com.br\/index.php\/2018\/10\/28\/bolsonaro-e-haddad-votaram-pela-manha\/"},"modified":"2019-02-09T02:37:20","modified_gmt":"2019-02-09T04:37:20","slug":"bolsonaro-e-haddad-votaram-pela-manha","status":"publish","type":"post","link":"https:\/\/blogdoedvaldomagalhaes.com.br\/index.php\/2018\/10\/28\/bolsonaro-e-haddad-votaram-pela-manha\/","title":{"rendered":"Bolsonaro e Haddad votaram pela manh\u00e3"},"content":{"rendered":"<div class=\"separator\" style=\"clear: both; text-align: center;\">\n<a href=\"https:\/\/4.bp.blogspot.com\/-NhCwzpR67V0\/W9Xxht8l-nI\/AAAAAAAA8k0\/y3CUuaGnnYUUGVmqrnlX7cDz1onMC3eGQCLcBGAs\/s1600\/bh.gif\" imageanchor=\"1\" style=\"margin-left: 1em; margin-right: 1em;\"><img loading=\"lazy\" decoding=\"async\" border=\"0\" data-original-height=\"427\" data-original-width=\"640\" height=\"426\" src=\"http:\/\/blogdoedvaldomagalhaes.com.br\/wp-content\/uploads\/2018\/10\/bh.gif\" width=\"640\" \/><\/a><\/div>\n<p><\/p>\n<div style=\"text-align: justify;\">\nOs dois candidatos \u00e0 Presid\u00eancia neste segundo turno votaram ainda na manh\u00e3 deste domingo (28).<a href=\"https:\/\/g1.globo.com\/rj\/rio-de-janeiro\/eleicoes\/2018\/noticia\/2018\/10\/28\/com-seguranca-reforcada-bolsonaro-vota-no-rio-de-janeiro.ghtml\" style=\"background-color: white; border: 0px; margin: 0px; outline: 0px; padding: 0px; vertical-align: baseline;\">&nbsp;Jair Bolsonaro (PSL) votou \u00e0s 9h17 na Vila Militar<\/a>, Zona Oeste do Rio de Janeiro. Fernando&nbsp;<a href=\"https:\/\/g1.globo.com\/sp\/sao-paulo\/eleicoes\/2018\/noticia\/2018\/10\/28\/haddad-vota-em-escola-de-sao-paulo.ghtml\" style=\"background-color: white; border: 0px; margin: 0px; outline: 0px; padding: 0px; vertical-align: baseline;\">Haddad (PT) compareceu \u00e0 urna \u00e0s 10h18 em Moema<\/a>, Zona Sul de S\u00e3o Paulo.<\/div>\n<div style=\"text-align: justify;\">\n<\/div>\n","protected":false},"excerpt":{"rendered":"<p>Os dois candidatos \u00e0 Presid\u00eancia neste segundo turno votaram ainda na manh\u00e3 deste domingo (28).&nbsp;Jair Bolsonaro (PSL) votou \u00e0s 9h17&hellip;<\/p>\n","protected":false},"author":1,"featured_media":0,"comment_status":"open","ping_status":"open","sticky":false,"template":"","format":"standard","meta":{"footnotes":""},"categories":[1],"tags":[2,814,20],"class_list":["post-870","post","type-post","status-publish","format-standard","hentry","category-sem-categoria","tag-blog-do-edvaldo-magalhaes","tag-bolsonaro-e-haddad-votaram-pela-manha","tag-politica"],"_links":{"self":[{"href":"https:\/\/blogdoedvaldomagalhaes.com.br\/index.php\/wp-json\/wp\/v2\/posts\/870","targetHints":{"allow":["GET"]}}],"collection":[{"href":"https:\/\/blogdoedvaldomagalhaes.com.br\/index.php\/wp-json\/wp\/v2\/posts"}],"about":[{"href":"https:\/\/blogdoedvaldomagalhaes.com.br\/index.php\/wp-json\/wp\/v2\/types\/post"}],"author":[{"embeddable":true,"href":"https:\/\/blogdoedvaldomagalhaes.com.br\/index.php\/wp-json\/wp\/v2\/users\/1"}],"replies":[{"embeddable":true,"href":"https:\/\/blogdoedvaldomagalhaes.com.br\/index.php\/wp-json\/wp\/v2\/comments?post=870"}],"version-history":[{"count":1,"href":"https:\/\/blogdoedvaldomagalhaes.com.br\/index.php\/wp-json\/wp\/v2\/posts\/870\/revisions"}],"predecessor-version":[{"id":35349,"href":"https:\/\/blogdoedvaldomagalhaes.com.br\/index.php\/wp-json\/wp\/v2\/posts\/870\/revisions\/35349"}],"wp:attachment":[{"href":"https:\/\/blogdoedvaldomagalhaes.com.br\/index.php\/wp-json\/wp\/v2\/media?parent=870"}],"wp:term":[{"taxonomy":"category","embeddable":true,"href":"https:\/\/blogdoedvaldomagalhaes.com.br\/index.php\/wp-json\/wp\/v2\/categories?post=870"},{"taxonomy":"post_tag","embeddable":true,"href":"https:\/\/blogdoedvaldomagalhaes.com.br\/index.php\/wp-json\/wp\/v2\/tags?post=870"}],"curies":[{"name":"wp","href":"https:\/\/api.w.org\/{rel}","templated":true}]}}