{"id":869,"date":"2018-10-28T17:31:00","date_gmt":"2018-10-28T19:31:00","guid":{"rendered":"http:\/\/blogdoedvaldomagalhaes.com.br\/index.php\/2018\/10\/28\/sismuc-regional-parabeniza-todos-os\/"},"modified":"2019-02-09T02:37:20","modified_gmt":"2019-02-09T04:37:20","slug":"sismuc-regional-parabeniza-todos-os","status":"publish","type":"post","link":"https:\/\/blogdoedvaldomagalhaes.com.br\/index.php\/2018\/10\/28\/sismuc-regional-parabeniza-todos-os\/","title":{"rendered":"SISMUC Regional parabeniza todos os servidores p\u00fablicos"},"content":{"rendered":"<div class=\"separator\" style=\"clear: both; text-align: center;\">\n<a href=\"https:\/\/4.bp.blogspot.com\/-MVVKjOOvq8k\/W9XyUuLNU9I\/AAAAAAAA8k8\/fhj73anMvoAQOZFtLFLh77PQTPQy9bICwCLcBGAs\/s1600\/sismuc.jpg\" imageanchor=\"1\" style=\"margin-left: 1em; margin-right: 1em;\"><img loading=\"lazy\" decoding=\"async\" border=\"0\" data-original-height=\"1024\" data-original-width=\"1024\" height=\"640\" src=\"http:\/\/blogdoedvaldomagalhaes.com.br\/wp-content\/uploads\/2018\/10\/sismuc-1.jpg\" width=\"640\" \/><\/a><\/div>\n<p><\/p>\n<div style=\"background-color: white; box-sizing: border-box; line-height: 1.5em; margin-bottom: 1.6em; margin-top: 1em; text-align: justify;\">\nTamb\u00e9m conhecido como&nbsp;Dia do Funcion\u00e1rio P\u00fablico, esta data&nbsp;n\u00e3o \u00e9 um feriado nacional, mas sim um&nbsp;ponto facultativo, ou seja, os profissionais do servi\u00e7o p\u00fablico n\u00e3o s\u00e3o obrigados a gozar de folga.<\/div>\n<div style=\"background-color: white; box-sizing: border-box; line-height: 1.5em; margin-bottom: 1.6em; margin-top: 1em; text-align: justify;\">\nA data celebra o profissional que trabalha nas mais variadas \u00e1reas do Poder P\u00fablico, seja em hospitais, escolas, escrit\u00f3rios e demais reparti\u00e7\u00f5es p\u00fablicas.<\/div>\n<div style=\"background-color: white; box-sizing: border-box; line-height: 1.5em; margin-bottom: 1.6em; margin-top: 1em; text-align: justify;\">\nExistem tr\u00eas principais tipos de servidores p\u00fablicos: municipal, estadual e federal.<\/div>\n<div style=\"background-color: white; box-sizing: border-box; line-height: 1.5em; margin-bottom: 1.6em; margin-top: 1em; text-align: justify;\">\nOs servidores municipais pertencem \u00e0 Prefeitura de uma cidade; os estaduais ao Governo de um estado e os federais s\u00e3o subordinados \u00e0 Uni\u00e3o da Rep\u00fablica. Os sal\u00e1rios dos servidores p\u00fablicos s\u00e3o pagos com o dinheiro dos Cofres P\u00fablicos.<\/div>\n<div style=\"background-color: white; box-sizing: border-box; line-height: 1.5em; margin-bottom: 1.6em; margin-top: 1em; text-align: justify;\">\nNo Brasil, ser servidor p\u00fablico \u00e9 sinal de estabilidade financeira para muitas pessoas, pois n\u00e3o podem ser dispensados facilmente de seus cargos depois de consolidado o per\u00edodo de est\u00e1gio probat\u00f3rio.<\/div>\n<div style=\"background-color: white; box-sizing: border-box; line-height: 1.5em; margin-bottom: 1.6em; margin-top: 1em; text-align: justify;\">\nPara entrar no servi\u00e7o p\u00fablico, normalmente, o cidad\u00e3o deve participar de um concurso p\u00fablico ou processo seletivo e ser aprovado.<\/div>\n<div style=\"background-color: white; box-sizing: border-box; line-height: 1.5em; margin-bottom: 1.6em; margin-top: 1em; text-align: justify;\">\n<b>Origem do Dia do Servidor P\u00fablico<\/b><\/div>\n<div style=\"background-color: white; box-sizing: border-box; line-height: 1.5em; margin-bottom: 1.6em; margin-top: 1em; text-align: justify;\">\nO Dia do Servidor P\u00fablico surgiu atrav\u00e9s do Conselho Federal do Servi\u00e7o P\u00fablico Civil, homenageando a cria\u00e7\u00e3o das leis que regem os direitos e deveres dos servidores p\u00fablicos &#8211;&nbsp;Decreto Lei n\u00ba 1.713, de 28 de outubro de 1939.<\/div>\n<div style=\"background-color: white; box-sizing: border-box; line-height: 1.5em; margin-bottom: 1.6em; margin-top: 1em; text-align: justify;\">\nO que motivou a cria\u00e7\u00e3o da data pelo Conselho, em parte, foi a funda\u00e7\u00e3o do Departamento Administrativo do Servi\u00e7o P\u00fablico do Brasil, em 1938.<\/div>\n<div style=\"background-color: white; box-sizing: border-box; line-height: 1.5em; margin-bottom: 1.6em; margin-top: 1em; text-align: justify;\">\nNa maioria dos estados e munic\u00edpios brasileiros, o Dia do Servidor P\u00fablico \u00e9 considerado facultativo para os profissionais da \u00e1rea.<\/div>\n<div style=\"background-color: white; box-sizing: border-box; line-height: 1.5em; margin-bottom: 1.6em; margin-top: 1em; text-align: justify;\">\nAssim, o artigo 236 da&nbsp;lei n\u00ba 8.112, de 11 de dezembro de 1990, determina que 28 de outubro \u00e9 oficialmente o Dia do Servidor P\u00fablico no Brasil.<\/div>\n","protected":false},"excerpt":{"rendered":"<p>Tamb\u00e9m conhecido como&nbsp;Dia do Funcion\u00e1rio P\u00fablico, esta data&nbsp;n\u00e3o \u00e9 um feriado nacional, mas sim um&nbsp;ponto facultativo, ou seja, os profissionais&hellip;<\/p>\n","protected":false},"author":1,"featured_media":0,"comment_status":"open","ping_status":"open","sticky":false,"template":"","format":"standard","meta":{"footnotes":""},"categories":[1],"tags":[2,6,813],"class_list":["post-869","post","type-post","status-publish","format-standard","hentry","category-sem-categoria","tag-blog-do-edvaldo-magalhaes","tag-noticias","tag-sismuc-regional-parabeniza-todos-os-servidores-publicos"],"_links":{"self":[{"href":"https:\/\/blogdoedvaldomagalhaes.com.br\/index.php\/wp-json\/wp\/v2\/posts\/869","targetHints":{"allow":["GET"]}}],"collection":[{"href":"https:\/\/blogdoedvaldomagalhaes.com.br\/index.php\/wp-json\/wp\/v2\/posts"}],"about":[{"href":"https:\/\/blogdoedvaldomagalhaes.com.br\/index.php\/wp-json\/wp\/v2\/types\/post"}],"author":[{"embeddable":true,"href":"https:\/\/blogdoedvaldomagalhaes.com.br\/index.php\/wp-json\/wp\/v2\/users\/1"}],"replies":[{"embeddable":true,"href":"https:\/\/blogdoedvaldomagalhaes.com.br\/index.php\/wp-json\/wp\/v2\/comments?post=869"}],"version-history":[{"count":1,"href":"https:\/\/blogdoedvaldomagalhaes.com.br\/index.php\/wp-json\/wp\/v2\/posts\/869\/revisions"}],"predecessor-version":[{"id":35351,"href":"https:\/\/blogdoedvaldomagalhaes.com.br\/index.php\/wp-json\/wp\/v2\/posts\/869\/revisions\/35351"}],"wp:attachment":[{"href":"https:\/\/blogdoedvaldomagalhaes.com.br\/index.php\/wp-json\/wp\/v2\/media?parent=869"}],"wp:term":[{"taxonomy":"category","embeddable":true,"href":"https:\/\/blogdoedvaldomagalhaes.com.br\/index.php\/wp-json\/wp\/v2\/categories?post=869"},{"taxonomy":"post_tag","embeddable":true,"href":"https:\/\/blogdoedvaldomagalhaes.com.br\/index.php\/wp-json\/wp\/v2\/tags?post=869"}],"curies":[{"name":"wp","href":"https:\/\/api.w.org\/{rel}","templated":true}]}}