{"id":8684,"date":"2016-08-09T13:14:00","date_gmt":"2016-08-09T16:14:00","guid":{"rendered":"http:\/\/blogdoedvaldomagalhaes.com.br\/index.php\/2016\/08\/09\/toyoteiro-e-assassinado-dentro-do\/"},"modified":"2019-02-09T00:54:22","modified_gmt":"2019-02-09T02:54:22","slug":"toyoteiro-e-assassinado-dentro-do","status":"publish","type":"post","link":"https:\/\/blogdoedvaldomagalhaes.com.br\/index.php\/2016\/08\/09\/toyoteiro-e-assassinado-dentro-do\/","title":{"rendered":"Toyoteiro \u00e9 assassinado dentro do pr\u00f3prio ve\u00edculo"},"content":{"rendered":"<h1 class=\"entry-title\" style=\"background-color: white; box-sizing: border-box; color: #111111; font-family: Roboto, sans-serif; font-size: 40px; font-weight: 400; line-height: 50px; margin: 0px 0px 7px; word-wrap: break-word;\">\n<div style=\"background-attachment: initial; background-clip: initial; background-image: initial; background-origin: initial; background-position: initial; background-repeat: initial; background-size: initial; line-height: 19.5pt; margin: 0cm 0cm 19.5pt; text-align: justify;\">\n<div class=\"separator\" style=\"clear: both; text-align: center;\">\n<a href=\"https:\/\/4.bp.blogspot.com\/-JOBUiVTLbWs\/V6nXXVtuiUI\/AAAAAAAAEEI\/dj2VyBt3MQwDtJkEtgv4TPQH1A0vF1-7ACLcB\/s1600\/violencia.jpg\" imageanchor=\"1\" style=\"margin-left: 1em; margin-right: 1em;\"><img loading=\"lazy\" decoding=\"async\" border=\"0\" height=\"240\" src=\"http:\/\/blogdoedvaldomagalhaes.com.br\/wp-content\/uploads\/2016\/08\/violencia-4.jpg\" width=\"320\" \/><\/a><\/div>\n<p>\nPor volta das 06h30 desta ter\u00e7a-feira (09) um fato chocou a popula\u00e7\u00e3o de Bezerros. Na PE-97, proximidades do s\u00edtio<br \/>\nJurema, um idoso de 70 anos foi morto a tiros dentro de sua Toyota 1987, de<br \/>\nplaca JOE-3286, da cidade de Cumaru (PE).<\/p>\n<p>De acordo com informa\u00e7\u00f5es colhidas<br \/>\nno local, \u2018Biu de Man\u00fa\u2019 como era conhecido, n\u00e3o parou o ve\u00edculo ap\u00f3s dois<br \/>\nelementos em uma moto terem dado a ordem a ele. De imediato o garupa disparou<br \/>\ncontra o idoso na altura do t\u00f3rax, assassinando ele ainda dentro do seu ve\u00edculo.<br \/>\nA dupla de criminosos fugiu ap\u00f3s o crime, a pol\u00edcia j\u00e1 faz buscas para tentar<br \/>\nencontra-los.<\/p><\/div>\n<div style=\"box-sizing: border-box; color: #222222; font-family: Verdana, Geneva, sans-serif; font-size: 15px; line-height: 26px; margin-bottom: 26px;\">\n<\/div>\n<div style=\"background-attachment: initial; background-clip: initial; background-image: initial; background-origin: initial; background-position: initial; background-repeat: initial; background-size: initial; box-sizing: border-box; line-height: 19.5pt; margin: 0cm 0cm 19.5pt; text-align: justify;\">\nHaviam mais pessoas no ve\u00edculo,<br \/>\nmas ningu\u00e9m foi atingido al\u00e9m do propriet\u00e1rio da Toyota que residia em Ameixas.<\/div>\n<\/h1>\n","protected":false},"excerpt":{"rendered":"<p>Por volta das 06h30 desta ter\u00e7a-feira (09) um fato chocou a popula\u00e7\u00e3o de Bezerros. Na PE-97, proximidades do s\u00edtio Jurema,&hellip;<\/p>\n","protected":false},"author":1,"featured_media":0,"comment_status":"open","ping_status":"open","sticky":false,"template":"","format":"standard","meta":{"footnotes":""},"categories":[1],"tags":[2271,1548,2,2272,12976,13,12977,12978],"class_list":["post-8684","post","type-post","status-publish","format-standard","hentry","category-sem-categoria","tag-ameixas","tag-bezerros","tag-blog-do-edvaldo-magalhaes","tag-cumaru","tag-pe-97","tag-policial","tag-sitio-jurema","tag-toyoteiro-biu-de-manu-e-assassinado"],"_links":{"self":[{"href":"https:\/\/blogdoedvaldomagalhaes.com.br\/index.php\/wp-json\/wp\/v2\/posts\/8684","targetHints":{"allow":["GET"]}}],"collection":[{"href":"https:\/\/blogdoedvaldomagalhaes.com.br\/index.php\/wp-json\/wp\/v2\/posts"}],"about":[{"href":"https:\/\/blogdoedvaldomagalhaes.com.br\/index.php\/wp-json\/wp\/v2\/types\/post"}],"author":[{"embeddable":true,"href":"https:\/\/blogdoedvaldomagalhaes.com.br\/index.php\/wp-json\/wp\/v2\/users\/1"}],"replies":[{"embeddable":true,"href":"https:\/\/blogdoedvaldomagalhaes.com.br\/index.php\/wp-json\/wp\/v2\/comments?post=8684"}],"version-history":[{"count":1,"href":"https:\/\/blogdoedvaldomagalhaes.com.br\/index.php\/wp-json\/wp\/v2\/posts\/8684\/revisions"}],"predecessor-version":[{"id":11199,"href":"https:\/\/blogdoedvaldomagalhaes.com.br\/index.php\/wp-json\/wp\/v2\/posts\/8684\/revisions\/11199"}],"wp:attachment":[{"href":"https:\/\/blogdoedvaldomagalhaes.com.br\/index.php\/wp-json\/wp\/v2\/media?parent=8684"}],"wp:term":[{"taxonomy":"category","embeddable":true,"href":"https:\/\/blogdoedvaldomagalhaes.com.br\/index.php\/wp-json\/wp\/v2\/categories?post=8684"},{"taxonomy":"post_tag","embeddable":true,"href":"https:\/\/blogdoedvaldomagalhaes.com.br\/index.php\/wp-json\/wp\/v2\/tags?post=8684"}],"curies":[{"name":"wp","href":"https:\/\/api.w.org\/{rel}","templated":true}]}}