{"id":8682,"date":"2016-08-09T15:53:00","date_gmt":"2016-08-09T18:53:00","guid":{"rendered":"http:\/\/blogdoedvaldomagalhaes.com.br\/index.php\/2016\/08\/09\/milton-mendes-pede-demissao-do-santa\/"},"modified":"2019-02-09T00:54:22","modified_gmt":"2019-02-09T02:54:22","slug":"milton-mendes-pede-demissao-do-santa","status":"publish","type":"post","link":"https:\/\/blogdoedvaldomagalhaes.com.br\/index.php\/2016\/08\/09\/milton-mendes-pede-demissao-do-santa\/","title":{"rendered":"Milton Mendes pede demiss\u00e3o do Santa Cruz e substituto \u00e9 sondado"},"content":{"rendered":"<div class=\"separator\" style=\"clear: both; text-align: center;\">\n<a href=\"https:\/\/2.bp.blogspot.com\/-JJUd3OngRCc\/V6n75VJAdMI\/AAAAAAAAEEY\/35aAzc8XdOcZbH05CGM_xj5UrgEhStV2gCLcB\/s1600\/milton.jpg\" imageanchor=\"1\" style=\"margin-left: 1em; margin-right: 1em;\"><img loading=\"lazy\" decoding=\"async\" border=\"0\" height=\"277\" src=\"http:\/\/blogdoedvaldomagalhaes.com.br\/wp-content\/uploads\/2016\/08\/milton-1.jpg\" width=\"400\" \/><\/a><\/div>\n<div class=\"separator\" style=\"clear: both; text-align: center;\">\n(Foto: Ant\u00f4nio Melcop\/Santa Cruz)<\/div>\n<div class=\"separator\" style=\"clear: both; text-align: center;\">\n<\/div>\n<div style=\"box-sizing: border-box; letter-spacing: 0.1px; line-height: 1.5em; margin-bottom: 1em; text-align: justify;\">\nO t\u00e9cnico Milton Mendes est\u00e1 fora do Santa Cruz. O anuncio oficial do clube deve acontecer a qualquer momento. A campanha ruim na S\u00e9rie A, pesou para a sa\u00edda dele, e a derrota em casa para o S\u00e3o Paulo no \u00faltimo domingo (07) foi o estopim para definir sua demiss\u00e3o.<\/div>\n<div style=\"box-sizing: border-box; letter-spacing: 0.1px; line-height: 1.5em; margin-bottom: 1em; text-align: justify;\">\nO Santa Cruz iniciou bem o Campeonato Brasileiro, mas caiu de rendimento ao longo do primeiro turno, colecionou resultados negativos e acabou a 19\u00aa rodada da competi\u00e7\u00e3o com campanha ruim, ocupando a pen\u00faltima coloca\u00e7\u00e3o da tabela, com apenas 18 pontos ganhos.<\/div>\n<div style=\"box-sizing: border-box; letter-spacing: 0.1px; line-height: 1.5em; margin-bottom: 1em; text-align: justify;\">\nMilton Mendes comandou a equipe pernambucana por 32 jogos, acumulando 12 vit\u00f3rias, 09 empates e 11 derrotas. O aproveitamento foi de 46,87%, mas cai para 31% em partidas do Campeonato Brasileiro. Apesar dos resultados ruins, o treinador conseguiu dois t\u00edtulos com o time coral em 2016: o Campeonato Pernambucano e a Copa do Nordeste.<\/div>\n<div style=\"box-sizing: border-box; letter-spacing: 0.1px; line-height: 1.5em; margin-bottom: 1em; text-align: justify;\">\nO nome mais cotado para assumir o comando t\u00e9cnico da equipe coral \u00e9 de Gilmar Dal Pozzo, que estava no Paysandu na disputa da S\u00e9rie B, mas ainda n\u00e3o h\u00e1 nada oficial no Santa Cruz. Caso n\u00e3o confirme, o coordenador t\u00e9cnico Sandro Barbosa deve comandar o elenco no jogo do pr\u00f3ximo domingo (14), \u00e0s 16 horas, contra o Vit\u00f3ria no Barrad\u00e3o, pela 20\u00aa rodada da competi\u00e7\u00e3o.<\/div>\n","protected":false},"excerpt":{"rendered":"<p>(Foto: Ant\u00f4nio Melcop\/Santa Cruz) O t\u00e9cnico Milton Mendes est\u00e1 fora do Santa Cruz. O anuncio oficial do clube deve acontecer&hellip;<\/p>\n","protected":false},"author":1,"featured_media":0,"comment_status":"open","ping_status":"open","sticky":false,"template":"","format":"standard","meta":{"footnotes":""},"categories":[1],"tags":[2,12973,3,12974,525],"class_list":["post-8682","post","type-post","status-publish","format-standard","hentry","category-sem-categoria","tag-blog-do-edvaldo-magalhaes","tag-campeonato-brasileiro","tag-futebol","tag-milton-mendes","tag-santa-cruz"],"_links":{"self":[{"href":"https:\/\/blogdoedvaldomagalhaes.com.br\/index.php\/wp-json\/wp\/v2\/posts\/8682","targetHints":{"allow":["GET"]}}],"collection":[{"href":"https:\/\/blogdoedvaldomagalhaes.com.br\/index.php\/wp-json\/wp\/v2\/posts"}],"about":[{"href":"https:\/\/blogdoedvaldomagalhaes.com.br\/index.php\/wp-json\/wp\/v2\/types\/post"}],"author":[{"embeddable":true,"href":"https:\/\/blogdoedvaldomagalhaes.com.br\/index.php\/wp-json\/wp\/v2\/users\/1"}],"replies":[{"embeddable":true,"href":"https:\/\/blogdoedvaldomagalhaes.com.br\/index.php\/wp-json\/wp\/v2\/comments?post=8682"}],"version-history":[{"count":1,"href":"https:\/\/blogdoedvaldomagalhaes.com.br\/index.php\/wp-json\/wp\/v2\/posts\/8682\/revisions"}],"predecessor-version":[{"id":11203,"href":"https:\/\/blogdoedvaldomagalhaes.com.br\/index.php\/wp-json\/wp\/v2\/posts\/8682\/revisions\/11203"}],"wp:attachment":[{"href":"https:\/\/blogdoedvaldomagalhaes.com.br\/index.php\/wp-json\/wp\/v2\/media?parent=8682"}],"wp:term":[{"taxonomy":"category","embeddable":true,"href":"https:\/\/blogdoedvaldomagalhaes.com.br\/index.php\/wp-json\/wp\/v2\/categories?post=8682"},{"taxonomy":"post_tag","embeddable":true,"href":"https:\/\/blogdoedvaldomagalhaes.com.br\/index.php\/wp-json\/wp\/v2\/tags?post=8682"}],"curies":[{"name":"wp","href":"https:\/\/api.w.org\/{rel}","templated":true}]}}