{"id":868,"date":"2018-10-28T19:45:00","date_gmt":"2018-10-28T21:45:00","guid":{"rendered":"http:\/\/blogdoedvaldomagalhaes.com.br\/index.php\/2018\/10\/28\/paulo-camara-vota-na-zona-norte-e-diz\/"},"modified":"2019-02-09T02:37:20","modified_gmt":"2019-02-09T04:37:20","slug":"paulo-camara-vota-na-zona-norte-e-diz","status":"publish","type":"post","link":"https:\/\/blogdoedvaldomagalhaes.com.br\/index.php\/2018\/10\/28\/paulo-camara-vota-na-zona-norte-e-diz\/","title":{"rendered":"Paulo C\u00e2mara vota na Zona Norte e diz acreditar na vit\u00f3ria de Haddad"},"content":{"rendered":"<div class=\"separator\" style=\"clear: both; text-align: center;\">\n<a href=\"https:\/\/2.bp.blogspot.com\/-0zq1uma_Nzg\/W9YRzNKEoYI\/AAAAAAAA8lc\/GwIAnxWaydMO0wypm2K_gJqylcfWxIi1QCLcBGAs\/s1600\/paulo.jpg\" imageanchor=\"1\" style=\"margin-left: 1em; margin-right: 1em;\"><img loading=\"lazy\" decoding=\"async\" border=\"0\" data-original-height=\"168\" data-original-width=\"300\" height=\"356\" src=\"http:\/\/blogdoedvaldomagalhaes.com.br\/wp-content\/uploads\/2018\/10\/paulo-1.jpg\" width=\"640\" \/><\/a><\/div>\n<div class=\"separator\" style=\"clear: both; text-align: center;\">\nFoto: Anderson Stevens\/Folha de Pernambuco<\/div>\n<div style=\"background-color: white; box-sizing: border-box; line-height: 24px; margin-bottom: 10px; text-align: justify;\">\n<\/div>\n<div style=\"background-color: white; box-sizing: border-box; line-height: 24px; margin-bottom: 10px; text-align: justify;\">\nO&nbsp;<strong style=\"box-sizing: border-box;\">governador Paulo C\u00e2mara<\/strong>&nbsp;(PSB), reeleito no primeiro turno, votou na manh\u00e3 deste domingo (28) no Centro de Educa\u00e7\u00e3o Comunit\u00e1ria e Social do Nordeste (CECOSNE), na Madalena. Por volta das 9h30, C\u00e2mara chegou acompanhado do&nbsp;<strong style=\"box-sizing: border-box;\">prefeito da cidade do Recife, Geraldo Julio<\/strong>&nbsp;(PSB), da deputada federal Luciana Santos (PCdoB), da esposa, e de partid\u00e1rios.<\/div>\n<div style=\"background-color: white; box-sizing: border-box; line-height: 24px; margin-bottom: 10px; text-align: justify;\">\n\u201cNosso&nbsp;<strong style=\"box-sizing: border-box;\">candidato<\/strong>&nbsp;est\u00e1 tendo um crescimento consistente nos \u00faltimos dias. O Nordeste est\u00e1 muito unido, com certeza, vai dar uma grande vit\u00f3ria a&nbsp;<strong style=\"box-sizing: border-box;\">Fernando Haddad<\/strong>\u201c, disse o governador reeleito.<\/div>\n<div style=\"background-color: white; box-sizing: border-box; line-height: 24px; margin-bottom: 10px; text-align: justify;\">\n<strong style=\"box-sizing: border-box;\">Paulo C\u00e2mara<\/strong>&nbsp;deve acompanhar a&nbsp;<strong style=\"box-sizing: border-box;\">apura\u00e7\u00e3o dos votos<\/strong>&nbsp;no fim do dia na casa de amigos. Sobre o futuro presidente, ele ressaltou que o di\u00e1logo com os governadores seja aberto. \u201cO presidente tem que conversar com os governadores, isso faz parte da federa\u00e7\u00e3o, e a gente espera que seja feito de forma correta, olhando para o Brasil por inteiro, olhando as regi\u00f5es e suas particularidades\u201d, pontuou.&nbsp;\u201cO desafio do pr\u00f3ximo presidente \u00e9 diminuir as desigualdades, fundamental para o Brasil que a gente quer\u201d, acrescentou o governador.<\/div>\n<div style=\"background-color: white; box-sizing: border-box; line-height: 24px; margin-bottom: 10px; text-align: justify;\">\nJ\u00e1 o prefeito do Recife,&nbsp;<strong style=\"box-sizing: border-box;\">Geraldo J\u00falio,<\/strong>&nbsp;que foi votar junto com o<strong style=\"box-sizing: border-box;\">&nbsp;governador Paulo C\u00e2mara<\/strong>, disse que a expectativa \u00e9 de virada e de vit\u00f3ria do&nbsp;<strong style=\"box-sizing: border-box;\">candidato petista Fernando Haddad<\/strong>. Ainda de acordo com ele, a semana foi reflexiva para eleitores de todo o pa\u00eds, demonstrada no crescimento de Haddad em regi\u00f5es do Brasil.<\/div>\n<div style=\"background-color: white; box-sizing: border-box; line-height: 24px; margin-bottom: 10px; text-align: justify;\">\n\u201cDemocracia \u00e9 muito importante para o nosso pa\u00eds, al\u00e9m das conquistas sociais que precisam ser levadas em conta e no tempo de grandes transforma\u00e7\u00f5es pelo qual passamos com um governo popular, que deu oportunidade a quem n\u00e3o tinha. Por tudo isso, desde o primeiro turno, nosso voto \u00e9 em Haddad\u201d, afirmou o prefeito que tamb\u00e9m vai acompanhar a apura\u00e7\u00e3o entre amigos mas sem local definido.<\/div>\n<div style=\"background-color: white; box-sizing: border-box; line-height: 24px; margin-bottom: 10px; text-align: justify;\">\n<\/div>\n<div style=\"background-color: white; box-sizing: border-box; line-height: 24px; margin-bottom: 10px; text-align: justify;\">\n<strong style=\"box-sizing: border-box;\">Do Blog da Folha<\/strong><\/div>\n<div style=\"background-color: white; box-sizing: border-box; line-height: 24px; margin-bottom: 10px; text-align: justify;\">\n<\/div>\n","protected":false},"excerpt":{"rendered":"<p>Foto: Anderson Stevens\/Folha de Pernambuco O&nbsp;governador Paulo C\u00e2mara&nbsp;(PSB), reeleito no primeiro turno, votou na manh\u00e3 deste domingo (28) no Centro&hellip;<\/p>\n","protected":false},"author":1,"featured_media":0,"comment_status":"open","ping_status":"open","sticky":false,"template":"","format":"standard","meta":{"footnotes":""},"categories":[1],"tags":[2,812,20],"class_list":["post-868","post","type-post","status-publish","format-standard","hentry","category-sem-categoria","tag-blog-do-edvaldo-magalhaes","tag-paulo-camara-vota-na-zona-norte-e-diz-acreditar-na-vitoria-de-haddad","tag-politica"],"_links":{"self":[{"href":"https:\/\/blogdoedvaldomagalhaes.com.br\/index.php\/wp-json\/wp\/v2\/posts\/868","targetHints":{"allow":["GET"]}}],"collection":[{"href":"https:\/\/blogdoedvaldomagalhaes.com.br\/index.php\/wp-json\/wp\/v2\/posts"}],"about":[{"href":"https:\/\/blogdoedvaldomagalhaes.com.br\/index.php\/wp-json\/wp\/v2\/types\/post"}],"author":[{"embeddable":true,"href":"https:\/\/blogdoedvaldomagalhaes.com.br\/index.php\/wp-json\/wp\/v2\/users\/1"}],"replies":[{"embeddable":true,"href":"https:\/\/blogdoedvaldomagalhaes.com.br\/index.php\/wp-json\/wp\/v2\/comments?post=868"}],"version-history":[{"count":1,"href":"https:\/\/blogdoedvaldomagalhaes.com.br\/index.php\/wp-json\/wp\/v2\/posts\/868\/revisions"}],"predecessor-version":[{"id":35353,"href":"https:\/\/blogdoedvaldomagalhaes.com.br\/index.php\/wp-json\/wp\/v2\/posts\/868\/revisions\/35353"}],"wp:attachment":[{"href":"https:\/\/blogdoedvaldomagalhaes.com.br\/index.php\/wp-json\/wp\/v2\/media?parent=868"}],"wp:term":[{"taxonomy":"category","embeddable":true,"href":"https:\/\/blogdoedvaldomagalhaes.com.br\/index.php\/wp-json\/wp\/v2\/categories?post=868"},{"taxonomy":"post_tag","embeddable":true,"href":"https:\/\/blogdoedvaldomagalhaes.com.br\/index.php\/wp-json\/wp\/v2\/tags?post=868"}],"curies":[{"name":"wp","href":"https:\/\/api.w.org\/{rel}","templated":true}]}}