{"id":8679,"date":"2016-08-09T22:15:00","date_gmt":"2016-08-10T01:15:00","guid":{"rendered":"http:\/\/blogdoedvaldomagalhaes.com.br\/index.php\/2016\/08\/09\/homem-assassinado-na-avenida-portuga\/"},"modified":"2019-02-09T00:54:24","modified_gmt":"2019-02-09T02:54:24","slug":"homem-assassinado-na-avenida-portuga","status":"publish","type":"post","link":"https:\/\/blogdoedvaldomagalhaes.com.br\/index.php\/2016\/08\/09\/homem-assassinado-na-avenida-portuga\/","title":{"rendered":"Homem assassinado na avenida Portugal foi identificado no IML"},"content":{"rendered":"<div class=\"separator\" style=\"clear: both; text-align: center;\">\n<a href=\"https:\/\/3.bp.blogspot.com\/-JjJTTK9gEew\/V6pT0K8OmWI\/AAAAAAAAEFw\/g6SWRPDz-Rgv1ptexek1Q0jrRmsRiJRJQCLcB\/s1600\/vitima.JPG\" imageanchor=\"1\" style=\"margin-left: 1em; margin-right: 1em;\"><img loading=\"lazy\" decoding=\"async\" border=\"0\" height=\"400\" src=\"http:\/\/blogdoedvaldomagalhaes.com.br\/wp-content\/uploads\/2016\/08\/vitima.jpg\" width=\"297\" \/><\/a><\/div>\n<div class=\"MsoNormal\" style=\"background-color: white; color: #222222; font-family: Arial, Tahoma, Helvetica, FreeSans, sans-serif; font-size: 13.2px; line-height: 18.48px; text-align: justify;\">\n<\/div>\n<div class=\"MsoNormal\" style=\"background-color: white; color: #222222; font-family: Arial, Tahoma, Helvetica, FreeSans, sans-serif; font-size: 13.2px; line-height: 18.48px; text-align: justify;\">\nPaulo Hermenegildo da Silva, conhecido por Paulo Eletricista, que completou 54 anos de idade ontem, morava na avenida principal do bairro Luiz Gonzaga, foi o homem assassinado na madrugada desta ter\u00e7a-feira (09), &nbsp;na avenida Portugal, no bairro Universit\u00e1rio, em Caruaru. Estes objetos na foto, estavam com a v\u00edtima.<\/div>\n<div class=\"MsoNormal\" style=\"background-color: white; color: #222222; font-family: Arial, Tahoma, Helvetica, FreeSans, sans-serif; font-size: 13.2px; line-height: 18.48px; text-align: justify;\">\n<\/div>\n<div class=\"separator\" style=\"clear: both; text-align: center;\">\n<a href=\"https:\/\/1.bp.blogspot.com\/-XuD8QJNpGdY\/V6pT5rf8kzI\/AAAAAAAAEF0\/qc5YnFrQxukLaHZgcTZacbQ8w9nZRkX9wCLcB\/s1600\/obejtos.JPG\" imageanchor=\"1\" style=\"margin-left: 1em; margin-right: 1em;\"><img loading=\"lazy\" decoding=\"async\" border=\"0\" height=\"266\" src=\"http:\/\/blogdoedvaldomagalhaes.com.br\/wp-content\/uploads\/2016\/08\/obejtos.jpg\" width=\"400\" \/><\/a><\/div>\n<div class=\"MsoNormal\" style=\"background-color: white; color: #222222; font-family: Arial, Tahoma, Helvetica, FreeSans, sans-serif; font-size: 13.2px; line-height: 18.48px; text-align: justify;\">\n<\/div>\n<div class=\"MsoNormal\" style=\"background-color: white; color: #222222; font-family: Arial, Tahoma, Helvetica, FreeSans, sans-serif; font-size: 13.2px; line-height: 18.48px; text-align: justify;\">\nSegundo informa\u00e7\u00f5es colhidas pela pol\u00edcia, provavelmente ele estava voltando para casa ap\u00f3s uma bebedeira quando foi interceptado por um homem de capacete branco, guiando uma moto vermelha, que matou a v\u00edtima com dois tiros no pesco\u00e7o. O corpo foi liberado pelo Instituto de Medicina Legal (IML).<\/div>\n","protected":false},"excerpt":{"rendered":"<p>Paulo Hermenegildo da Silva, conhecido por Paulo Eletricista, que completou 54 anos de idade ontem, morava na avenida principal do&hellip;<\/p>\n","protected":false},"author":1,"featured_media":0,"comment_status":"open","ping_status":"open","sticky":false,"template":"","format":"standard","meta":{"footnotes":""},"categories":[1],"tags":[2695,2,12967,12968,13],"class_list":["post-8679","post","type-post","status-publish","format-standard","hentry","category-sem-categoria","tag-bairro-universitario","tag-blog-do-edvaldo-magalhaes","tag-homem-assassinado-na-avenida-portugal-foi-identificado-no-iml","tag-paulo-hermenegildo-da-silva","tag-policial"],"_links":{"self":[{"href":"https:\/\/blogdoedvaldomagalhaes.com.br\/index.php\/wp-json\/wp\/v2\/posts\/8679","targetHints":{"allow":["GET"]}}],"collection":[{"href":"https:\/\/blogdoedvaldomagalhaes.com.br\/index.php\/wp-json\/wp\/v2\/posts"}],"about":[{"href":"https:\/\/blogdoedvaldomagalhaes.com.br\/index.php\/wp-json\/wp\/v2\/types\/post"}],"author":[{"embeddable":true,"href":"https:\/\/blogdoedvaldomagalhaes.com.br\/index.php\/wp-json\/wp\/v2\/users\/1"}],"replies":[{"embeddable":true,"href":"https:\/\/blogdoedvaldomagalhaes.com.br\/index.php\/wp-json\/wp\/v2\/comments?post=8679"}],"version-history":[{"count":1,"href":"https:\/\/blogdoedvaldomagalhaes.com.br\/index.php\/wp-json\/wp\/v2\/posts\/8679\/revisions"}],"predecessor-version":[{"id":11220,"href":"https:\/\/blogdoedvaldomagalhaes.com.br\/index.php\/wp-json\/wp\/v2\/posts\/8679\/revisions\/11220"}],"wp:attachment":[{"href":"https:\/\/blogdoedvaldomagalhaes.com.br\/index.php\/wp-json\/wp\/v2\/media?parent=8679"}],"wp:term":[{"taxonomy":"category","embeddable":true,"href":"https:\/\/blogdoedvaldomagalhaes.com.br\/index.php\/wp-json\/wp\/v2\/categories?post=8679"},{"taxonomy":"post_tag","embeddable":true,"href":"https:\/\/blogdoedvaldomagalhaes.com.br\/index.php\/wp-json\/wp\/v2\/tags?post=8679"}],"curies":[{"name":"wp","href":"https:\/\/api.w.org\/{rel}","templated":true}]}}