{"id":86739,"date":"2022-08-25T08:36:19","date_gmt":"2022-08-25T11:36:19","guid":{"rendered":"https:\/\/blogdoedvaldomagalhaes.com.br\/?p=86739"},"modified":"2022-08-25T08:36:20","modified_gmt":"2022-08-25T11:36:20","slug":"em-entrevista-jorge-quintino-apresenta-propostas-e-critica-governo-do-estado","status":"publish","type":"post","link":"https:\/\/blogdoedvaldomagalhaes.com.br\/index.php\/2022\/08\/25\/em-entrevista-jorge-quintino-apresenta-propostas-e-critica-governo-do-estado\/","title":{"rendered":"Em entrevista, Jorge Quintino apresenta propostas e critica governo do estado"},"content":{"rendered":"<p style=\"text-align: justify;\"><span style=\"font-size: inherit;\">O vereador e candidato a deputado federal Jorge Quintino (SD) apresentou suas propostas para o Congresso Nacional, em entrevista realizada nesta ter\u00e7a-feira (23), no programa Acessa Caruaru, da R\u00e1dio Ipojuca FM (107,9). O parlamentar tamb\u00e9m aproveitou para tecer cr\u00edticas ao governo do estado, a quem acusou de deixar os pernambucanos abandonados e sem perspectivas.<\/span><\/p>\n<p style=\"text-align: justify;\">\u201cO governo do estado s\u00f3 pensa em cobrar impostos, e muitos pol\u00edticos est\u00e3o por tr\u00e1s desse governo, apoiando. Temos que diminuir a carga tribut\u00e1ria e incentivar a gera\u00e7\u00e3o de emprego e renda\u201d, criticou Jorge Quintino.<\/p>\n<p style=\"text-align: justify;\">Para mudar essa situa\u00e7\u00e3o, como deputado, ele pretende criar leis e projetos que possam melhorar a vida das pessoas dos pernambucanos, em especial os professores e todos que trabalham pela educa\u00e7\u00e3o. \u201cVamos criar um Fundo Nacional para a Educa\u00e7\u00e3o e tamb\u00e9m transformar o trabalho do professor em uma carreira de estado. Quero representar os professores e os que trabalham pela educa\u00e7\u00e3o no Congresso Nacional\u201d destacou Jorge Quintino.<\/p>\n<p style=\"text-align: justify;\">O candidato a deputado federal tamb\u00e9m falou sobre temas ligados ao meio ambiente e a mobilidade urbana, que tamb\u00e9m s\u00e3o prioridades na sua vida como pol\u00edtico. Nesse sentido, defendeu a conclus\u00e3o do Anel Vi\u00e1rio que come\u00e7ou a ser constru\u00eddo em Caruaru, a despolui\u00e7\u00e3o do Rio Ipojuca e o fim dos lix\u00f5es, com o tratamento e destina\u00e7\u00e3o correta dos res\u00edduos. \u201cQuero trabalhar para que Pernambuco seja um lugar melhor para todos. Com educa\u00e7\u00e3o de qualidade, sa\u00fade, seguran\u00e7a, igualdade de oportunidades para todos\u201d, finalizou Jorge Quintino.<\/p>\n<p style=\"text-align: justify;\">Graduado em Hist\u00f3ria e em Direito, Jorge Quintino tem mestrado em Hist\u00f3ria pela UFPE. \u00c9 professor de Hist\u00f3ria, Filosofia e Sociologia, no ensino m\u00e9dio e universit\u00e1rio. Foi diretor de Meio Ambiente e diretor de Feiras e Mercados da Prefeitura de Caruaru. Tamb\u00e9m presidiu o Conselho Municipal de Defesa do Meio Ambiente (Condema) e fez parte dos conselhos da Bacia do Rio Ipojuca e do Rio Capibaribe. \u00c9 presidente da Comiss\u00e3o de Educa\u00e7\u00e3o, Cultura e Esportes, e da Comiss\u00e3o de Meio Ambiente, al\u00e9m de membro da Comiss\u00e3o de Finan\u00e7as e Or\u00e7amento da C\u00e2mara de Vereadores de Caruaru. Conhe\u00e7a mais em @jorgequintinooficial<\/p>\n","protected":false},"excerpt":{"rendered":"<p>O vereador e candidato a deputado federal Jorge Quintino (SD) apresentou suas propostas para o Congresso Nacional, em entrevista realizada&hellip;<\/p>\n","protected":false},"author":1,"featured_media":86740,"comment_status":"open","ping_status":"open","sticky":false,"template":"","format":"standard","meta":{"footnotes":""},"categories":[14122],"tags":[2,19532,3406,25389,20],"class_list":["post-86739","post","type-post","status-publish","format-standard","has-post-thumbnail","hentry","category-politica","tag-blog-do-edvaldo-magalhaes","tag-blog-mais-acessado-e-visualizado-de-caruaru-e-regiao","tag-caruaru","tag-em-entrevista-jorge-quintino-apresenta-propostas-e-critica-governo-do-estado","tag-politica"],"_links":{"self":[{"href":"https:\/\/blogdoedvaldomagalhaes.com.br\/index.php\/wp-json\/wp\/v2\/posts\/86739","targetHints":{"allow":["GET"]}}],"collection":[{"href":"https:\/\/blogdoedvaldomagalhaes.com.br\/index.php\/wp-json\/wp\/v2\/posts"}],"about":[{"href":"https:\/\/blogdoedvaldomagalhaes.com.br\/index.php\/wp-json\/wp\/v2\/types\/post"}],"author":[{"embeddable":true,"href":"https:\/\/blogdoedvaldomagalhaes.com.br\/index.php\/wp-json\/wp\/v2\/users\/1"}],"replies":[{"embeddable":true,"href":"https:\/\/blogdoedvaldomagalhaes.com.br\/index.php\/wp-json\/wp\/v2\/comments?post=86739"}],"version-history":[{"count":1,"href":"https:\/\/blogdoedvaldomagalhaes.com.br\/index.php\/wp-json\/wp\/v2\/posts\/86739\/revisions"}],"predecessor-version":[{"id":86741,"href":"https:\/\/blogdoedvaldomagalhaes.com.br\/index.php\/wp-json\/wp\/v2\/posts\/86739\/revisions\/86741"}],"wp:featuredmedia":[{"embeddable":true,"href":"https:\/\/blogdoedvaldomagalhaes.com.br\/index.php\/wp-json\/wp\/v2\/media\/86740"}],"wp:attachment":[{"href":"https:\/\/blogdoedvaldomagalhaes.com.br\/index.php\/wp-json\/wp\/v2\/media?parent=86739"}],"wp:term":[{"taxonomy":"category","embeddable":true,"href":"https:\/\/blogdoedvaldomagalhaes.com.br\/index.php\/wp-json\/wp\/v2\/categories?post=86739"},{"taxonomy":"post_tag","embeddable":true,"href":"https:\/\/blogdoedvaldomagalhaes.com.br\/index.php\/wp-json\/wp\/v2\/tags?post=86739"}],"curies":[{"name":"wp","href":"https:\/\/api.w.org\/{rel}","templated":true}]}}