{"id":86735,"date":"2022-08-24T22:55:41","date_gmt":"2022-08-25T01:55:41","guid":{"rendered":"https:\/\/blogdoedvaldomagalhaes.com.br\/?p=86735"},"modified":"2022-08-24T22:55:43","modified_gmt":"2022-08-25T01:55:43","slug":"vereador-irmao-ronaldo-se-reune-com-prefeito-e-secretario-para-cobrar-infraestrutura-para-o-bairro-severino-afonso","status":"publish","type":"post","link":"https:\/\/blogdoedvaldomagalhaes.com.br\/index.php\/2022\/08\/24\/vereador-irmao-ronaldo-se-reune-com-prefeito-e-secretario-para-cobrar-infraestrutura-para-o-bairro-severino-afonso\/","title":{"rendered":"Vereador Irm\u00e3o Ronaldo se re\u00fane com prefeito e secret\u00e1rio para cobrar infraestrutura para o bairro Severino Afonso"},"content":{"rendered":"<p style=\"text-align: justify;\">O vereador Irm\u00e3o Ronaldo cumpriu agenda na prefeitura de Caruaru, nesta quarta-feira (24). O parlamentar\u00a0 se reuniu com o prefeito Rodrigo Pinheiro e com o secret\u00e1rio executivo de governo, Lino Portela, onde cobrou infraestrutura para o bairro Severino Afonso, nas ruas Pedro Guarda e S\u00e3o L\u00e1zaro.<\/p>\n\n\n<figure class=\"wp-block-image size-large\"><img loading=\"lazy\" decoding=\"async\" width=\"1024\" height=\"768\" src=\"https:\/\/blogdoedvaldomagalhaes.com.br\/wp-content\/uploads\/2022\/08\/IMG-20220824-WA0133-1024x768.jpg\" alt=\"\" class=\"wp-image-86737\" srcset=\"https:\/\/blogdoedvaldomagalhaes.com.br\/wp-content\/uploads\/2022\/08\/IMG-20220824-WA0133-1024x768.jpg 1024w, https:\/\/blogdoedvaldomagalhaes.com.br\/wp-content\/uploads\/2022\/08\/IMG-20220824-WA0133-300x225.jpg 300w, https:\/\/blogdoedvaldomagalhaes.com.br\/wp-content\/uploads\/2022\/08\/IMG-20220824-WA0133-768x576.jpg 768w, https:\/\/blogdoedvaldomagalhaes.com.br\/wp-content\/uploads\/2022\/08\/IMG-20220824-WA0133-160x120.jpg 160w, https:\/\/blogdoedvaldomagalhaes.com.br\/wp-content\/uploads\/2022\/08\/IMG-20220824-WA0133.jpg 1156w\" sizes=\"auto, (max-width: 1024px) 100vw, 1024px\" \/><\/figure>\n\n\n<p style=\"text-align: justify;\">O Vereador Irm\u00e3o Ronaldo encontrou o ex-ministro Gilson Machado e aproveitou para\u00a0 cobrar repasses do governo federal, al\u00e9m da pavimenta\u00e7\u00e3o, saneamento e canal no Loteamento Severino Afonso.<\/p>","protected":false},"excerpt":{"rendered":"<p>O vereador Irm\u00e3o Ronaldo cumpriu agenda na prefeitura de Caruaru, nesta quarta-feira (24). O parlamentar\u00a0 se reuniu com o prefeito&hellip;<\/p>\n","protected":false},"author":1,"featured_media":86736,"comment_status":"open","ping_status":"open","sticky":false,"template":"","format":"standard","meta":{"footnotes":""},"categories":[14122],"tags":[2,19532,3406,20,25388],"class_list":["post-86735","post","type-post","status-publish","format-standard","has-post-thumbnail","hentry","category-politica","tag-blog-do-edvaldo-magalhaes","tag-blog-mais-acessado-e-visualizado-de-caruaru-e-regiao","tag-caruaru","tag-politica","tag-vereador-irmao-ronaldo-se-reune-com-prefeito-e-secretario-para-cobrar-infraestrutura-para-o-bairro-severino-afonso"],"_links":{"self":[{"href":"https:\/\/blogdoedvaldomagalhaes.com.br\/index.php\/wp-json\/wp\/v2\/posts\/86735","targetHints":{"allow":["GET"]}}],"collection":[{"href":"https:\/\/blogdoedvaldomagalhaes.com.br\/index.php\/wp-json\/wp\/v2\/posts"}],"about":[{"href":"https:\/\/blogdoedvaldomagalhaes.com.br\/index.php\/wp-json\/wp\/v2\/types\/post"}],"author":[{"embeddable":true,"href":"https:\/\/blogdoedvaldomagalhaes.com.br\/index.php\/wp-json\/wp\/v2\/users\/1"}],"replies":[{"embeddable":true,"href":"https:\/\/blogdoedvaldomagalhaes.com.br\/index.php\/wp-json\/wp\/v2\/comments?post=86735"}],"version-history":[{"count":1,"href":"https:\/\/blogdoedvaldomagalhaes.com.br\/index.php\/wp-json\/wp\/v2\/posts\/86735\/revisions"}],"predecessor-version":[{"id":86738,"href":"https:\/\/blogdoedvaldomagalhaes.com.br\/index.php\/wp-json\/wp\/v2\/posts\/86735\/revisions\/86738"}],"wp:featuredmedia":[{"embeddable":true,"href":"https:\/\/blogdoedvaldomagalhaes.com.br\/index.php\/wp-json\/wp\/v2\/media\/86736"}],"wp:attachment":[{"href":"https:\/\/blogdoedvaldomagalhaes.com.br\/index.php\/wp-json\/wp\/v2\/media?parent=86735"}],"wp:term":[{"taxonomy":"category","embeddable":true,"href":"https:\/\/blogdoedvaldomagalhaes.com.br\/index.php\/wp-json\/wp\/v2\/categories?post=86735"},{"taxonomy":"post_tag","embeddable":true,"href":"https:\/\/blogdoedvaldomagalhaes.com.br\/index.php\/wp-json\/wp\/v2\/tags?post=86735"}],"curies":[{"name":"wp","href":"https:\/\/api.w.org\/{rel}","templated":true}]}}