{"id":86732,"date":"2022-08-24T22:19:41","date_gmt":"2022-08-25T01:19:41","guid":{"rendered":"https:\/\/blogdoedvaldomagalhaes.com.br\/?p=86732"},"modified":"2022-08-24T22:19:42","modified_gmt":"2022-08-25T01:19:42","slug":"esquadrilha-da-fumaca-fara-apresentacao-em-caruaru-a-pedido-de-gilson-machado-a-bolsonaro","status":"publish","type":"post","link":"https:\/\/blogdoedvaldomagalhaes.com.br\/index.php\/2022\/08\/24\/esquadrilha-da-fumaca-fara-apresentacao-em-caruaru-a-pedido-de-gilson-machado-a-bolsonaro\/","title":{"rendered":"Esquadrilha da Fuma\u00e7a far\u00e1 apresenta\u00e7\u00e3o em Caruaru a pedido de Gilson Machado a Bolsonaro"},"content":{"rendered":"<p style=\"text-align: justify;\"><span style=\"font-size: inherit;\">O esquadr\u00e3o de Demonstra\u00e7\u00e3o A\u00e9rea da For\u00e7a A\u00e9rea Brasileira, mais conhecida como \u2018Esquadrilha da Fuma\u00e7a\u2019, se apresenta no pr\u00f3ximo dia 31 de agosto em Caruaru, no Agreste do Estado. O evento est\u00e1 previsto para o per\u00edodo da tarde, no aeroclube da cidade. A apresenta\u00e7\u00e3o faz parte das comemora\u00e7\u00f5es dos 200 anos da Independ\u00eancia do Brasil e acontece ap\u00f3s pedido de Gilson Machado ao presidente Jair Bolsonaro na \u00e9poca em que era ministro do Turismo.<\/span><\/p>\n<p style=\"text-align: justify;\">O candidato ao Senado Gilson Machado Neto releembrou seu empenho para que o show a\u00e9reo viesse para o agreste de Pernambuco. \u201cEra um sonho que eu vinha buscando concretizar desde quando eu era ministro. E, agora, esse espet\u00e1culo vai se tornar realidade e colorir o c\u00e9u de Caruaru\u201d, disse Gilson.<\/p>\n<p style=\"text-align: justify;\">A\u00a0Esquadrilha da Fuma\u00e7a, que conta com 7 aeronaves, \u00e9 reconhecida como o maior time acrob\u00e1tico do mundo em n\u00famero de shows a\u00e9reos. A \u00faltima vez que esteve em Caruaru foi em 2010, durante o encontro nacional de pilotos \u2018Caruaru no ar\u2019.<\/p>\n<p>Foto: Divulga\u00e7\u00e3o.<\/p>\n","protected":false},"excerpt":{"rendered":"<p>O esquadr\u00e3o de Demonstra\u00e7\u00e3o A\u00e9rea da For\u00e7a A\u00e9rea Brasileira, mais conhecida como \u2018Esquadrilha da Fuma\u00e7a\u2019, se apresenta no pr\u00f3ximo dia&hellip;<\/p>\n","protected":false},"author":1,"featured_media":86733,"comment_status":"open","ping_status":"open","sticky":false,"template":"","format":"standard","meta":{"footnotes":""},"categories":[14120],"tags":[2,19532,3406,25387],"class_list":["post-86732","post","type-post","status-publish","format-standard","has-post-thumbnail","hentry","category-noticias","tag-blog-do-edvaldo-magalhaes","tag-blog-mais-acessado-e-visualizado-de-caruaru-e-regiao","tag-caruaru","tag-esquadrilha-da-fumaca-fara-apresentacao-em-caruaru-a-pedido-de-gilson-machado-a-bolsonaro"],"_links":{"self":[{"href":"https:\/\/blogdoedvaldomagalhaes.com.br\/index.php\/wp-json\/wp\/v2\/posts\/86732","targetHints":{"allow":["GET"]}}],"collection":[{"href":"https:\/\/blogdoedvaldomagalhaes.com.br\/index.php\/wp-json\/wp\/v2\/posts"}],"about":[{"href":"https:\/\/blogdoedvaldomagalhaes.com.br\/index.php\/wp-json\/wp\/v2\/types\/post"}],"author":[{"embeddable":true,"href":"https:\/\/blogdoedvaldomagalhaes.com.br\/index.php\/wp-json\/wp\/v2\/users\/1"}],"replies":[{"embeddable":true,"href":"https:\/\/blogdoedvaldomagalhaes.com.br\/index.php\/wp-json\/wp\/v2\/comments?post=86732"}],"version-history":[{"count":1,"href":"https:\/\/blogdoedvaldomagalhaes.com.br\/index.php\/wp-json\/wp\/v2\/posts\/86732\/revisions"}],"predecessor-version":[{"id":86734,"href":"https:\/\/blogdoedvaldomagalhaes.com.br\/index.php\/wp-json\/wp\/v2\/posts\/86732\/revisions\/86734"}],"wp:featuredmedia":[{"embeddable":true,"href":"https:\/\/blogdoedvaldomagalhaes.com.br\/index.php\/wp-json\/wp\/v2\/media\/86733"}],"wp:attachment":[{"href":"https:\/\/blogdoedvaldomagalhaes.com.br\/index.php\/wp-json\/wp\/v2\/media?parent=86732"}],"wp:term":[{"taxonomy":"category","embeddable":true,"href":"https:\/\/blogdoedvaldomagalhaes.com.br\/index.php\/wp-json\/wp\/v2\/categories?post=86732"},{"taxonomy":"post_tag","embeddable":true,"href":"https:\/\/blogdoedvaldomagalhaes.com.br\/index.php\/wp-json\/wp\/v2\/tags?post=86732"}],"curies":[{"name":"wp","href":"https:\/\/api.w.org\/{rel}","templated":true}]}}