{"id":86729,"date":"2022-08-24T19:18:21","date_gmt":"2022-08-24T22:18:21","guid":{"rendered":"https:\/\/blogdoedvaldomagalhaes.com.br\/?p=86729"},"modified":"2022-08-24T19:18:24","modified_gmt":"2022-08-24T22:18:24","slug":"lessa-destaca-politicas-publicas-de-inclusao-social-para-pessoas-com-deficiencia","status":"publish","type":"post","link":"https:\/\/blogdoedvaldomagalhaes.com.br\/index.php\/2022\/08\/24\/lessa-destaca-politicas-publicas-de-inclusao-social-para-pessoas-com-deficiencia\/","title":{"rendered":"Lessa destaca pol\u00edticas p\u00fablicas de inclus\u00e3o social para pessoas com defici\u00eancia"},"content":{"rendered":"<p style=\"text-align: justify;\"><span style=\"font-size: inherit;\">&#8220;Promover a inclus\u00e3o social \u00e9 uma das bandeiras do nosso mandato, para cuidar das pessoas\u201d. A afirma\u00e7\u00e3o \u00e9 do deputado estadual Delegado Lessa, candidato \u00e0 reelei\u00e7\u00e3o, em meio \u00e0 Semana Nacional da Pessoa com Defici\u00eancia Intelectual e M\u00faltipla, que come\u00e7ou no \u00faltimo domingo (21). Lessa refor\u00e7ou pol\u00edticas p\u00fablicas com o objetivo de assegurar o exerc\u00edcio dos direitos e das liberdades fundamentais das pessoas com defici\u00eancia.<\/span><\/p>\n<p style=\"text-align: justify;\">Fazendo um balan\u00e7o das a\u00e7\u00f5es, ele \u00e9 autor da Lei Estadual n\u00ba 16.731\/2020, que estabelece a terceira semana de agosto como Semana de Conscientiza\u00e7\u00e3o da Atrofia Muscular Espinal (AME). Integrando inclus\u00e3o e seguran\u00e7a p\u00fablica, o deputado ainda sugeriu a cria\u00e7\u00e3o da 1\u00aa Delegacia de Prote\u00e7\u00e3o \u00e0 Pessoa com Defici\u00eancia do estado de Pernambuco, atrav\u00e9s da indica\u00e7\u00e3o n\u00ba 009559\/2022.<\/p>\n<p style=\"text-align: justify;\">Lessa tamb\u00e9m apresentou o Projeto de Lei n\u00ba 2333\/2021, que disp\u00f5e acerca da obrigatoriedade de rampa de acesso, plataforma elevat\u00f3ria ou equipamento com tecnologia equivalente, nos \u00f4nibus intermunicipais que circulam em Pernambuco.<\/p>\n<p style=\"text-align: justify;\">O parlamentar prop\u00f4s ao Governo do Estado para implementar um protocolo de laudos m\u00e9dicos de diagn\u00f3stico do Transtorno do Espectro Autista (TEA) com prazos indeterminados, auxiliando as fam\u00edlias a destravar quest\u00f5es burocr\u00e1ticas. Lessa tamb\u00e9m solicitou ao Estado para assegurar a gratuidade da emiss\u00e3o da 2\u00aa via do documento de identidade \u00e0s pessoas diagnosticadas com TEA.<\/p>\n<p style=\"text-align: justify;\">Al\u00e9m das a\u00e7\u00f5es parlamentares, Lessa prioriza o di\u00e1logo com entidades representativas desta parcela da popula\u00e7\u00e3o. Entre elas, o grupo M\u00e3es em A\u00e7\u00e3o, em Bezerros; o Centro Camociense de Apoio \u00e0s Pessoas com Defici\u00eancia (Cecaped), em Camocim de S\u00e3o F\u00e9lix; e a Associa\u00e7\u00e3o Mundo Azul, em Caruaru.<\/p>\n<p style=\"text-align: justify;\">Foto: Roberto Soares\/Alepe<\/p>\n","protected":false},"excerpt":{"rendered":"<p>&#8220;Promover a inclus\u00e3o social \u00e9 uma das bandeiras do nosso mandato, para cuidar das pessoas\u201d. A afirma\u00e7\u00e3o \u00e9 do deputado&hellip;<\/p>\n","protected":false},"author":1,"featured_media":86730,"comment_status":"open","ping_status":"open","sticky":false,"template":"","format":"standard","meta":{"footnotes":""},"categories":[14122],"tags":[2,19532,3406,25386,20],"class_list":["post-86729","post","type-post","status-publish","format-standard","has-post-thumbnail","hentry","category-politica","tag-blog-do-edvaldo-magalhaes","tag-blog-mais-acessado-e-visualizado-de-caruaru-e-regiao","tag-caruaru","tag-lessa-destaca-politicas-publicas-de-inclusao-social-para-pessoas-com-deficiencia","tag-politica"],"_links":{"self":[{"href":"https:\/\/blogdoedvaldomagalhaes.com.br\/index.php\/wp-json\/wp\/v2\/posts\/86729","targetHints":{"allow":["GET"]}}],"collection":[{"href":"https:\/\/blogdoedvaldomagalhaes.com.br\/index.php\/wp-json\/wp\/v2\/posts"}],"about":[{"href":"https:\/\/blogdoedvaldomagalhaes.com.br\/index.php\/wp-json\/wp\/v2\/types\/post"}],"author":[{"embeddable":true,"href":"https:\/\/blogdoedvaldomagalhaes.com.br\/index.php\/wp-json\/wp\/v2\/users\/1"}],"replies":[{"embeddable":true,"href":"https:\/\/blogdoedvaldomagalhaes.com.br\/index.php\/wp-json\/wp\/v2\/comments?post=86729"}],"version-history":[{"count":1,"href":"https:\/\/blogdoedvaldomagalhaes.com.br\/index.php\/wp-json\/wp\/v2\/posts\/86729\/revisions"}],"predecessor-version":[{"id":86731,"href":"https:\/\/blogdoedvaldomagalhaes.com.br\/index.php\/wp-json\/wp\/v2\/posts\/86729\/revisions\/86731"}],"wp:featuredmedia":[{"embeddable":true,"href":"https:\/\/blogdoedvaldomagalhaes.com.br\/index.php\/wp-json\/wp\/v2\/media\/86730"}],"wp:attachment":[{"href":"https:\/\/blogdoedvaldomagalhaes.com.br\/index.php\/wp-json\/wp\/v2\/media?parent=86729"}],"wp:term":[{"taxonomy":"category","embeddable":true,"href":"https:\/\/blogdoedvaldomagalhaes.com.br\/index.php\/wp-json\/wp\/v2\/categories?post=86729"},{"taxonomy":"post_tag","embeddable":true,"href":"https:\/\/blogdoedvaldomagalhaes.com.br\/index.php\/wp-json\/wp\/v2\/tags?post=86729"}],"curies":[{"name":"wp","href":"https:\/\/api.w.org\/{rel}","templated":true}]}}