{"id":86726,"date":"2022-08-24T19:00:28","date_gmt":"2022-08-24T22:00:28","guid":{"rendered":"https:\/\/blogdoedvaldomagalhaes.com.br\/?p=86726"},"modified":"2022-08-24T19:00:30","modified_gmt":"2022-08-24T22:00:30","slug":"fagner-fernandes-tem-encontro-com-prefeito-rodrigo-pinheiro-e-representante-da-uderva","status":"publish","type":"post","link":"https:\/\/blogdoedvaldomagalhaes.com.br\/index.php\/2022\/08\/24\/fagner-fernandes-tem-encontro-com-prefeito-rodrigo-pinheiro-e-representante-da-uderva\/","title":{"rendered":"Fagner Fernandes tem encontro com prefeito Rodrigo Pinheiro e representante da Uderva"},"content":{"rendered":"<p style=\"text-align: justify;\"><span style=\"font-size: inherit;\">Nessa ter\u00e7a-feira (23) pela manh\u00e3, o vereador Fagner Fernandes (PDT &#8211; PE) esteve reunido com o prefeito de Caruaru, Rodrigo Pinheiro, e com a presidente da ONG animal Uderva, Roberta Fontes. Em pauta, algumas solicita\u00e7\u00f5es em prol dos animais, como a amplia\u00e7\u00e3o do hor\u00e1rio e dias de atendimento da AME Animal, al\u00e9m da discuss\u00e3o sobre o terreno que o munic\u00edpio cedeu para uma ONG da causa.\u00a0<\/span><\/p>\n<p style=\"text-align: justify;\">De acordo com Roberta, \u00e9 uma necessidade urgente que este terreno seja destinado \u00e0 constru\u00e7\u00e3o da sede da Uderva, assim como est\u00e1 na lei. &#8220;H\u00e1 muito anos, a Prefeitura de Caruaru cedeu um terreno para que fosse destinado a uma ONG de prote\u00e7\u00e3o animal. N\u00e3o existindo uso, a \u00e1rea deveria voltar para o munic\u00edpio, como aconteceu. Agora, precisamos que a Uderva utilize este espa\u00e7o para beneficiar os animais de Caruaru&#8221;, explicou.<\/p>\n<p style=\"text-align: justify;\">Para Fagner, o prefeito Rodrigo Pinheiro est\u00e1 sens\u00edvel \u00e0 causa. &#8220;Conversamos com o prefeito e ele colocou \u00e0 disposi\u00e7\u00e3o para verificar a pend\u00eancia sobre o terreno e, tamb\u00e9m, as melhorias para a AME Animal&#8221;, disse.<\/p>\n","protected":false},"excerpt":{"rendered":"<p>Nessa ter\u00e7a-feira (23) pela manh\u00e3, o vereador Fagner Fernandes (PDT &#8211; PE) esteve reunido com o prefeito de Caruaru, Rodrigo&hellip;<\/p>\n","protected":false},"author":1,"featured_media":86727,"comment_status":"open","ping_status":"open","sticky":false,"template":"","format":"standard","meta":{"footnotes":""},"categories":[14122],"tags":[2,19532,3406,25385,20],"class_list":["post-86726","post","type-post","status-publish","format-standard","has-post-thumbnail","hentry","category-politica","tag-blog-do-edvaldo-magalhaes","tag-blog-mais-acessado-e-visualizado-de-caruaru-e-regiao","tag-caruaru","tag-fagner-fernandes-tem-encontro-com-prefeito-rodrigo-pinheiro-e-representante-da-uderva","tag-politica"],"_links":{"self":[{"href":"https:\/\/blogdoedvaldomagalhaes.com.br\/index.php\/wp-json\/wp\/v2\/posts\/86726","targetHints":{"allow":["GET"]}}],"collection":[{"href":"https:\/\/blogdoedvaldomagalhaes.com.br\/index.php\/wp-json\/wp\/v2\/posts"}],"about":[{"href":"https:\/\/blogdoedvaldomagalhaes.com.br\/index.php\/wp-json\/wp\/v2\/types\/post"}],"author":[{"embeddable":true,"href":"https:\/\/blogdoedvaldomagalhaes.com.br\/index.php\/wp-json\/wp\/v2\/users\/1"}],"replies":[{"embeddable":true,"href":"https:\/\/blogdoedvaldomagalhaes.com.br\/index.php\/wp-json\/wp\/v2\/comments?post=86726"}],"version-history":[{"count":1,"href":"https:\/\/blogdoedvaldomagalhaes.com.br\/index.php\/wp-json\/wp\/v2\/posts\/86726\/revisions"}],"predecessor-version":[{"id":86728,"href":"https:\/\/blogdoedvaldomagalhaes.com.br\/index.php\/wp-json\/wp\/v2\/posts\/86726\/revisions\/86728"}],"wp:featuredmedia":[{"embeddable":true,"href":"https:\/\/blogdoedvaldomagalhaes.com.br\/index.php\/wp-json\/wp\/v2\/media\/86727"}],"wp:attachment":[{"href":"https:\/\/blogdoedvaldomagalhaes.com.br\/index.php\/wp-json\/wp\/v2\/media?parent=86726"}],"wp:term":[{"taxonomy":"category","embeddable":true,"href":"https:\/\/blogdoedvaldomagalhaes.com.br\/index.php\/wp-json\/wp\/v2\/categories?post=86726"},{"taxonomy":"post_tag","embeddable":true,"href":"https:\/\/blogdoedvaldomagalhaes.com.br\/index.php\/wp-json\/wp\/v2\/tags?post=86726"}],"curies":[{"name":"wp","href":"https:\/\/api.w.org\/{rel}","templated":true}]}}