{"id":86714,"date":"2022-08-24T12:11:06","date_gmt":"2022-08-24T15:11:06","guid":{"rendered":"https:\/\/blogdoedvaldomagalhaes.com.br\/?p=86714"},"modified":"2022-08-24T12:21:42","modified_gmt":"2022-08-24T15:21:42","slug":"laboratorio-maria-do-carmo-sempre-cuidando-das-pessoas-e-levando-saude-para-todo-o-vale-do-pajeu","status":"publish","type":"post","link":"https:\/\/blogdoedvaldomagalhaes.com.br\/index.php\/2022\/08\/24\/laboratorio-maria-do-carmo-sempre-cuidando-das-pessoas-e-levando-saude-para-todo-o-vale-do-pajeu\/","title":{"rendered":"Laborat\u00f3rio Maria do Carmo: sempre cuidando das pessoas e levando sa\u00fade para todo o Vale do Paje\u00fa"},"content":{"rendered":"<p style=\"text-align: justify;\"><span style=\"font-size: inherit;\">Das terras do Sert\u00e3o do Vale do Rio Paje\u00fa, nasceu e floresceu uma hist\u00f3ria de luta, dedica\u00e7\u00e3o, supera\u00e7\u00e3o e estrat\u00e9gia de neg\u00f3cios que \u00e9 motivo de orgulho para Pernambuco e para o Nordeste do Brasil. H\u00e1 quatro d\u00e9cadas, a bioqu\u00edmica e empres\u00e1ria Maria do Carmo Lima come\u00e7ou a escrever o in\u00edcio da hist\u00f3ria de um grupo que virou refer\u00eancia em sa\u00fade ao iniciar as atividades do maior e mais completo laborat\u00f3rio de an\u00e1lises cl\u00ednicas da regi\u00e3o. O Laborat\u00f3rio Maria do Carmo de Lima e Silva abriu o caminho para expans\u00e3o de diversas atividades e forma\u00e7\u00e3o do Grupo JM, sediado no munic\u00edpio sertanejo de Afogados da Ingazeira, a 377 quil\u00f4metros do Recife. Sempre cuidando das pessoas.<\/span><\/p>\n<p style=\"text-align: justify;\">A hist\u00f3ria iniciada em 13 de setembro de 1982, quando Maria do Carmo abriu sozinha as portas do laborat\u00f3rio com apenas 25 anos e com sete meses de gravidez, \u00e9 digna de grandes empreendedores e serve de inspira\u00e7\u00e3o para uma pessoa determinada a perseverar e acreditar nos sonhos. O per\u00edodo que separa 1982 a 2022 revela a prosperidade de um grupo de sa\u00fade que tem na gest\u00e3o e opera\u00e7\u00e3o bra\u00e7os e vis\u00f5es estrat\u00e9gicas de uma fam\u00edlia que ergueu, al\u00e9m do laborat\u00f3rio que se transformou num grande centro de diagn\u00f3stico, uma rede de farm\u00e1cias, um clinical center e uma distribuidora de medicamentos que atende todo o Nordeste sob o comando do empres\u00e1rio Joseph Domingos, s\u00f3cio e marido de Maria do Carmo. O grupo, que come\u00e7ou com apenas uma funcion\u00e1ria, emprega mais de 200 pessoas direta e indiretamente na regi\u00e3o.<\/p>\n<p style=\"text-align: justify;\">Diante dessa hist\u00f3ria de empreendedorismo t\u00e3o exitosa, sobretudo no Sert\u00e3o do Paje\u00fa, uma celebra\u00e7\u00e3o est\u00e1 pronta para festejar com todas as pessoas da cidade, da regi\u00e3o e os colaboradores do Maria do Carmo Diagn\u00f3sticos. Perfeccionistas e zelosos na ess\u00eancia, focados em realizar um evento corporativo de impacto social, gratid\u00e3o e reconhecimento do seu pr\u00f3prio papel no desenvolvimento da cidade, Joseph e Maria do Carmo convidaram uma filha do cora\u00e7\u00e3o do Paje\u00fa, Tatiana Marques, para ser a respons\u00e1vel pela cria\u00e7\u00e3o e organiza\u00e7\u00e3o das a\u00e7\u00f5es que, juntas, formam um grande evento.<\/p>\n<p style=\"text-align: justify;\">As atividades incluem a apresenta\u00e7\u00e3o da nova estrutura do Maria do Carmo Diagn\u00f3sticos, mais moderno e mais equipado; o lan\u00e7amento de uma nova identidade visual, assinada pelo reconhecido e famoso designer Daniel Dobbin; um momento com o time de colaboradores, al\u00e9m de a\u00e7\u00e3o interna em cada posto de coleta nas cidades de Ingazeira, Iguaracy e Carna\u00edba; uma visita especial aos idosos da ASSAVAP (Associa\u00e7\u00e3o de Assist\u00eancia \u00e0 Sa\u00fade do Vale do Paje\u00fa), que conta desde a sua funda\u00e7\u00e3o com o apoio do Grupo JM, que doou todo o piso do Abrigo; missa em A\u00e7\u00e3o de Gra\u00e7as e o marco maior da comemora\u00e7\u00e3o, onde Maria do Carmo Lima dar\u00e1 de presente a toda popula\u00e7\u00e3o um espet\u00e1culo, atrav\u00e9s do primeiro concerto sinf\u00f4nico em pra\u00e7a p\u00fablica a ser realizado na cidade. A Orquestra Crian\u00e7a Cidad\u00e3 foi contratada e se apresentar\u00e1 na Pra\u00e7a Monsenhor Arruda C\u00e2mara, com a reg\u00eancia do maestro Jos\u00e9 Renato Accioly.<\/p>\n<p style=\"text-align: justify;\"><strong>EXPANS\u00c3O REGIONAL<\/strong><\/p>\n<p style=\"text-align: justify;\">O Maria do Carmo Diagn\u00f3sticos tem filiais nos munic\u00edpios sertanejos de Carna\u00edba, Iguaracy e Ingazeira, al\u00e9m de postos de coleta na pr\u00f3pria cidade de Afogados da Ingazeira, para facilitar o acesso da popula\u00e7\u00e3o aos servi\u00e7os oferecidos. Como parte do processo de expans\u00e3o das atividades, passou a oferecer outros servi\u00e7os al\u00e9m dos exames laboratoriais , implantando o setor de diagn\u00f3stico por imagem. Hoje, o laborat\u00f3rio, empresa m\u00e3e do grupo JM (Maria do Carmo Lima e Joseph Domingos) junta-se a mais tr\u00eas empresas: a Pharmaplus, distribuidora de medicamentos que atua em todo o Nordeste, a rede de drogarias Farm\u00e1cia dos Munic\u00edpios e o Clinical Center, constitu\u00eddo por consult\u00f3rios m\u00e9dicos com 20 especialidades. Todos os exames de preven\u00e7\u00e3o de c\u00e2ncer ginecol\u00f3gico via SUS na Regi\u00e3o do Paje\u00fa s\u00e3o realizados no Maria do Carmo Diagn\u00f3sticos. Al\u00e9m de Bioqu\u00edmica, a empres\u00e1ria \u00e9 tamb\u00e9m citologista.<\/p>\n<p style=\"text-align: justify;\"><strong>EMPREGO E RENDA<\/strong><\/p>\n<p style=\"text-align: justify;\">Junto com a tecnologia de ponta e refinados processos na \u00e1rea da sa\u00fade, o grupo tem participado efetivamente da gera\u00e7\u00e3o de emprego e renda, proporcionando oportunidades de crescimento na forma\u00e7\u00e3o profissional dos seus colaboradores. Atualmente, o grupo emprega diretamente e indiretamente mais de 200 pessoas em um munic\u00edpio com menos de 50 mil habitantes, sendo um dos vetores a elevar o patamar da cidade para o terceiro maior \u00cdndice de Desenvolvimento Humano (IDH) da Regi\u00e3o do Paje\u00fa.<\/p>\n<p style=\"text-align: justify;\">\u201cDurante esses 40 anos, nunca paramos. Mesmo quando eu estava sozinha \u00e0 frente da gest\u00e3o da empresa, sempre tivemos compromisso com a qualidade e fomos crescendo com recursos pr\u00f3prios. Sempre quis empreender, avan\u00e7ar, porque sou movida a desafios. \u00c9 uma satisfa\u00e7\u00e3o saber que durante esses 40 anos colaboramos com o crescimento da nossa cidade, sempre cuidando da sa\u00fade das pessoas. Diagnostiquei muitas doen\u00e7as, proporcionando curas, supera\u00e7\u00f5es e muitas alegrias tamb\u00e9m\u201d, comemora Maria do Carmo, a mente que lan\u00e7ou esse grupo empresarial.<\/p>\n<p style=\"text-align: justify;\"><strong>FUTURO<\/strong><\/p>\n<p style=\"text-align: justify;\">A partir deste semestre, a empres\u00e1ria come\u00e7a a repassar novas atribui\u00e7\u00f5es da dire\u00e7\u00e3o executiva do Maria do Carmo Diagn\u00f3sticos para sua filha, La\u00edse Lima, Bioqu\u00edmica e Mestre pela UFPE e com MBA em Gest\u00e3o. \u201cSempre absorvi o conhecimento da minha m\u00e3e, tendo muito a aprender ainda. Me sinto preparada e disposta para os novos desafios de para dar continuidade a grande hist\u00f3ria da minha m\u00e3e. Com ela sempre ao meu lado, vou gerir mantendo os crit\u00e9rios de qualidade e expandir as atividades firmando novas parcerias, buscando crescer nas ofertas de servi\u00e7os\u201d, adianta La\u00edse Lima.<\/p>\n<p style=\"text-align: justify;\">A Pharmaplus tamb\u00e9m se prepara para novos planos em 2023, com a implanta\u00e7\u00e3o de uma importadora de produtos hospitalares, que deve facilitar a entrada de novos materiais no Estado, ganhando reconhecimento e ampliando a participa\u00e7\u00e3o no setor de sa\u00fade. A conquista pela Distribuidora, em julho deste ano, de uma certifica\u00e7\u00e3o muito almejada pelo setor no Brasil foi extremamente importante para o crescimento da empresa. A Certifica\u00e7\u00e3o de Boas Pr\u00e1ticas de Armazenagem e Distribui\u00e7\u00e3o da Ag\u00eancia Nacional de Vigil\u00e2ncia Sanit\u00e1ria (Anvisa) foi fundamental para essa nova etapa de crescimento. \u201cFoi extremamente relevante para o nosso grupo, que tem o prop\u00f3sito da Qualidade, ser reconhecido pela Vigil\u00e2ncia Sanit\u00e1ria do Brasil pelas nossas pr\u00e1ticas\u201d, resume o empres\u00e1rio Joseph Domingos. \u201cEu costumo dizer que n\u00f3s n\u00e3o vendemos medicamentos, vendemos sa\u00fade\u201d, conta ele, ratificando o compromisso das quatro empresas com a sa\u00fade da popula\u00e7\u00e3o. O grupo j\u00e1 conta com o servi\u00e7o de e-commerce das farm\u00e1cias e com sistema integrado da Pharmaplus.<\/p>\n<p style=\"text-align: justify;\"><strong>MARCO PARA A SA\u00daDE DA CIDADE<\/strong><\/p>\n<p style=\"text-align: justify;\">Os 40 anos do Maria do Carmo Diagn\u00f3sticos representam a celebra\u00e7\u00e3o de uma hist\u00f3ria de for\u00e7a, garra, supera\u00e7\u00e3o e de quebra de paradigmas. Natural de Afogados da Ingazeira, Maria do Carmo Lima foi aprovada em Farm\u00e1cia pela Universidade Federal de Pernambuco (UFPE), mas concluiu a gradua\u00e7\u00e3o na Universidade Federal da Para\u00edba (UFPB).<\/p>\n<p style=\"text-align: justify;\">\u00c9 que durante esse tempo ela e Joseph Domingos casaram e ele, como funcion\u00e1rio do Banco do Brasil, onde desenvolveu exitosa carreira, foi transferido para Jo\u00e3o Pessoa. Quando ela completou 25 anos e estava rec\u00e9m-graduada, um grupo de professores de Maria do Carmo decidiu vender os equipamentos de um laborat\u00f3rio. Ela n\u00e3o hesitou e, mesmo gr\u00e1vida de sete meses, optou por retornar a Afogados da Ingazeira e abrir seu pr\u00f3prio laborat\u00f3rio, colocando em pr\u00e1tica o sonho do casal desde quando Maria do Carmo estava na universidade. Ao chegar em sua terra natal, a fam\u00edlia alugou uma casa para que a jovem desse in\u00edcio ao projeto que foi idealizado ainda nas salas de aula.<\/p>\n<p style=\"text-align: justify;\">Na \u00e9poca, a cidade tinha apenas um laborat\u00f3rio. No primeiro dia de funcionamento e com apenas uma funcion\u00e1ria, nenhum paciente apareceu, conta ela. Ao inv\u00e9s de desanimar, Maria do Carmo entendeu que precisaria ter muito foco para conquistar o reconhecimento da popula\u00e7\u00e3o e a credibilidade da classe m\u00e9dica.<\/p>\n<p style=\"text-align: justify;\">Os anos que se seguiram foram de muitos desafios, segundo relata Maria do Carmo. Quatro anos depois, o casal vendeu o carro da fam\u00edlia e conseguiu realizar a compra de um im\u00f3vel, onde at\u00e9 hoje funciona uma unidade do laborat\u00f3rio. Em 1988, cresceu e transformou-se no Centro de Diagn\u00f3stico.<\/p>\n<p style=\"text-align: justify;\">Nos anos seguintes, Maria do Carmo e Joseph Domingos se dedicaram a conquistar a credibilidade da popula\u00e7\u00e3o, atrav\u00e9s do excelente atendimento e o cuidado com as pessoas, assumindo cada vez mais a responsabilidade de entregar meios de apoio ao diagn\u00f3stico dos servi\u00e7os m\u00e9dicos e hospitalares .Eles tamb\u00e9m tiveram tr\u00eas filhos: Pedro Henrique &#8211; cardiologista , Clarissa \u2013 radiologista radicada em Florian\u00f3polis, e La\u00edse .<\/p>\n<p style=\"text-align: justify;\">\u201cAp\u00f3s 10 anos , me firmei e me consolidei; o laborat\u00f3rio j\u00e1 estava bem estruturado, com muitos clientes e conv\u00eanios em 1992. Fomos ganhando a credibilidade das pessoas, conquistando a fundamental confian\u00e7a da exigente classe m\u00e9dica da Regi\u00e3o , porque sem essas nada teria sido constru\u00eddo\u201d, lembra Maria do Carmo.<\/p>\n<p style=\"text-align: justify;\"><strong>INFORMATIZA\u00c7\u00c3O<\/strong><\/p>\n<p style=\"text-align: justify;\">O Maria do Carmo Diagn\u00f3sticos tamb\u00e9m foi o primeiro da regi\u00e3o a implantar a inform\u00e1tica como base para processos de exames. Em fevereiro de 1992, exatamente uma d\u00e9cada depois, avan\u00e7ados equipamentos foram adquiridos e implantado um sistema de monitoramento e a digitaliza\u00e7\u00e3o do processo.<\/p>\n<p style=\"text-align: justify;\">A moderniza\u00e7\u00e3o n\u00e3o parou por a\u00ed . \u201cEu queria modernizar o laborat\u00f3rio. Em 1992, mandei uma carta para todos os m\u00e9dicos, parceiros e autoridades, comunicando o avan\u00e7o tecnol\u00f3gico . Eu acredito que foi um grande passo para a empresa e para a cidade, pois quase a inform\u00e1tica n\u00e3o era usada aqui naquela \u00e9poca. Fui atr\u00e1s de um software em S\u00e3o Paulo, o Complab, e at\u00e9 hoje somos parceiros. Foi uma revolu\u00e7\u00e3o ter informatizado o laborat\u00f3rio h\u00e1 tr\u00eas d\u00e9cadas\u201d, conta.<\/p>\n<p style=\"text-align: justify;\">Al\u00e9m de ampliar a quantidade de apoio ao diagn\u00f3stico cl\u00ednico , baseados em exames laboratoriais e simplificar processos, Maria do Carmo trouxe outros tipos de cultura para a regi\u00e3o, que carecia de oferta em preven\u00e7\u00e3o de c\u00e2ncer ginecol\u00f3gico; sendo hoje a refer\u00eancia de exames de citologia cl\u00ednica na regi\u00e3o .Em 2018, expandiu para o Diagn\u00f3stico por Imagem , atrav\u00e9s da Densitometria \u00d3ssea e posteriormente o Raio-X.<\/p>\n<p style=\"text-align: justify;\">Para Joseph Domingos, presidente do Grupo JM, o direcionamento a ser seguido \u00e9 o de estar sempre de acordo com o que o mercado necessita, atender a demanda na quantidade e na qualidade, e exemplifica : \u201cA telemedicina \u00e9 uma tend\u00eancia tanto para o Maria do Carmo Diagn\u00f3sticos, quanto para o Clinical Center e at\u00e9 para o segmento farmac\u00eautico. S\u00e3o evolu\u00e7\u00f5es que precisamos estar atentos, acompanhando e estudando\u201d, reflete o empres\u00e1rio pernambucano.<\/p>\n<p style=\"text-align: justify;\"><strong>Linha do Tempo<\/strong><\/p>\n<p style=\"text-align: justify;\">1982 &#8211; Inaugura\u00e7\u00e3o do Laborat\u00f3rio<\/p>\n<p style=\"text-align: justify;\">1989 &#8211; Transforma\u00e7\u00e3o no Centro de Diagn\u00f3stico<\/p>\n<p style=\"text-align: justify;\">1990 &#8211; Inaugura a primeira Farm\u00e1cia dos Munic\u00edpios<\/p>\n<p style=\"text-align: justify;\">1992 \u2013 Informatiza\u00e7\u00e3o<\/p>\n<p style=\"text-align: justify;\">1996 \u2013 Inaugura a filial 01 da Farm\u00e1cia dos Munic\u00edpios<\/p>\n<p style=\"text-align: justify;\">1998 &#8211; inaugura a Unidade de atendimento em Carna\u00edba<\/p>\n<p style=\"text-align: justify;\">2002 &#8211; Inaugura a Unidade de atendimento em Iguaracy<\/p>\n<p style=\"text-align: justify;\">2005 &#8211; Implanta\u00e7\u00e3o do servi\u00e7o de preven\u00e7\u00e3o de c\u00e2ncer ginecol\u00f3gico<\/p>\n<p style=\"text-align: justify;\">2008 \u2013 Implanta a Distribuidora de Medicamentos e Produtos Hospitalares PharmaPlus<\/p>\n<p style=\"text-align: justify;\">2011- Inaugura a Unidade de Atendimento em Ingazeira<\/p>\n<p style=\"text-align: justify;\">2012- Abertura do Clinical Center e La\u00edse Lima inicia suas atividades como s\u00f3cia<\/p>\n<p style=\"text-align: justify;\">2017 &#8211; Inaugura a Unidade de Atendimento da UPAE<\/p>\n<p style=\"text-align: justify;\">2018 \u2013 Inaugura o Servi\u00e7o de Imagem com exames de densitometria \u00f3ssea<\/p>\n<p style=\"text-align: justify;\">2020 &#8211; Amplia Servi\u00e7o de Radiologia, com implanta\u00e7\u00e3o do Raio X.<\/p>\n<p style=\"text-align: justify;\">2022 \u2013 Renova\u00e7\u00e3o da Identidade Visual<\/p>\n<p style=\"text-align: justify;\"><strong>PROGRAMA\u00c7\u00c3O EM COMEMORA\u00c7\u00c3O DOS 40 ANOS<\/strong><\/p>\n<p style=\"text-align: justify;\">Dia 26\/08 &#8211; Lan\u00e7amento da nova logomarca e apresenta\u00e7\u00e3o da reestrutura\u00e7\u00e3o da sede<\/p>\n<p style=\"text-align: justify;\">Dia 03\/09 &#8211; Evento Especial para os Colaboradores<\/p>\n<p style=\"text-align: justify;\">Dia 05\/09 &#8211; Comemora\u00e7\u00e3o na ASAVAP ( Abrigo dos Idosos)<\/p>\n<p style=\"text-align: justify;\">Dia 06\/09 &#8211; Missa na Catedral de Afogados da Ingazeira<\/p>\n<p style=\"text-align: justify;\">Dia 10\/09:<\/p>\n<p style=\"text-align: justify;\">&#8211; Grande Concerto da Orquestra Crian\u00e7a Cidad\u00e3<\/p>\n<p style=\"text-align: justify;\">&#8211; Exibi\u00e7\u00e3o do document\u00e1rio sobre os 40 anos do Maria do Carmo Diagn\u00f3sticos<\/p>\n<p>Dia 13\/09 &#8211; Dia do anivers\u00e1rio de 40 anos, marcado por obra criada pelo mais consagrado xilogravurista, grande mestre da arte popular do Brasil e no mundo, J. Borges.<\/p>\n<p>Dia 14\/09 \u2013 Celebra\u00e7\u00e3o em Ingazeira<\/p>\n<p>Dia 15\/09 \u2013 Celebra\u00e7\u00e3o em Iguaracy<\/p>\n<p>Dia 16\/09 &#8211; Celebra\u00e7\u00e3o em Carna\u00edba<\/p>\n\n\n<figure class=\"wp-block-image size-large\"><img loading=\"lazy\" decoding=\"async\" width=\"1024\" height=\"576\" src=\"https:\/\/blogdoedvaldomagalhaes.com.br\/wp-content\/uploads\/2022\/08\/IMG-20220824-WA0053.jpg\" alt=\"\" class=\"wp-image-86719\" srcset=\"https:\/\/blogdoedvaldomagalhaes.com.br\/wp-content\/uploads\/2022\/08\/IMG-20220824-WA0053.jpg 1024w, https:\/\/blogdoedvaldomagalhaes.com.br\/wp-content\/uploads\/2022\/08\/IMG-20220824-WA0053-300x169.jpg 300w, https:\/\/blogdoedvaldomagalhaes.com.br\/wp-content\/uploads\/2022\/08\/IMG-20220824-WA0053-768x432.jpg 768w, https:\/\/blogdoedvaldomagalhaes.com.br\/wp-content\/uploads\/2022\/08\/IMG-20220824-WA0053-720x405.jpg 720w\" sizes=\"auto, (max-width: 1024px) 100vw, 1024px\" \/><\/figure>\n\n\n\n<figure class=\"wp-block-image size-large\"><img loading=\"lazy\" decoding=\"async\" width=\"1024\" height=\"685\" src=\"https:\/\/blogdoedvaldomagalhaes.com.br\/wp-content\/uploads\/2022\/08\/IMG-20220824-WA0032-1.jpg\" alt=\"\" class=\"wp-image-86717\" srcset=\"https:\/\/blogdoedvaldomagalhaes.com.br\/wp-content\/uploads\/2022\/08\/IMG-20220824-WA0032-1.jpg 1024w, https:\/\/blogdoedvaldomagalhaes.com.br\/wp-content\/uploads\/2022\/08\/IMG-20220824-WA0032-1-300x201.jpg 300w, https:\/\/blogdoedvaldomagalhaes.com.br\/wp-content\/uploads\/2022\/08\/IMG-20220824-WA0032-1-768x514.jpg 768w\" sizes=\"auto, (max-width: 1024px) 100vw, 1024px\" \/><\/figure>\n\n\n\n<p><\/p>\n","protected":false},"excerpt":{"rendered":"<p>Das terras do Sert\u00e3o do Vale do Rio Paje\u00fa, nasceu e floresceu uma hist\u00f3ria de luta, dedica\u00e7\u00e3o, supera\u00e7\u00e3o e estrat\u00e9gia&hellip;<\/p>\n","protected":false},"author":1,"featured_media":86720,"comment_status":"open","ping_status":"open","sticky":false,"template":"","format":"standard","meta":{"footnotes":""},"categories":[14120],"tags":[2,19532,3406,25384],"class_list":["post-86714","post","type-post","status-publish","format-standard","has-post-thumbnail","hentry","category-noticias","tag-blog-do-edvaldo-magalhaes","tag-blog-mais-acessado-e-visualizado-de-caruaru-e-regiao","tag-caruaru","tag-laboratorio-maria-do-carmo-sempre-cuidando-das-pessoas-e-levando-saude-para-todo-o-vale-do-pajeu"],"_links":{"self":[{"href":"https:\/\/blogdoedvaldomagalhaes.com.br\/index.php\/wp-json\/wp\/v2\/posts\/86714","targetHints":{"allow":["GET"]}}],"collection":[{"href":"https:\/\/blogdoedvaldomagalhaes.com.br\/index.php\/wp-json\/wp\/v2\/posts"}],"about":[{"href":"https:\/\/blogdoedvaldomagalhaes.com.br\/index.php\/wp-json\/wp\/v2\/types\/post"}],"author":[{"embeddable":true,"href":"https:\/\/blogdoedvaldomagalhaes.com.br\/index.php\/wp-json\/wp\/v2\/users\/1"}],"replies":[{"embeddable":true,"href":"https:\/\/blogdoedvaldomagalhaes.com.br\/index.php\/wp-json\/wp\/v2\/comments?post=86714"}],"version-history":[{"count":4,"href":"https:\/\/blogdoedvaldomagalhaes.com.br\/index.php\/wp-json\/wp\/v2\/posts\/86714\/revisions"}],"predecessor-version":[{"id":86724,"href":"https:\/\/blogdoedvaldomagalhaes.com.br\/index.php\/wp-json\/wp\/v2\/posts\/86714\/revisions\/86724"}],"wp:featuredmedia":[{"embeddable":true,"href":"https:\/\/blogdoedvaldomagalhaes.com.br\/index.php\/wp-json\/wp\/v2\/media\/86720"}],"wp:attachment":[{"href":"https:\/\/blogdoedvaldomagalhaes.com.br\/index.php\/wp-json\/wp\/v2\/media?parent=86714"}],"wp:term":[{"taxonomy":"category","embeddable":true,"href":"https:\/\/blogdoedvaldomagalhaes.com.br\/index.php\/wp-json\/wp\/v2\/categories?post=86714"},{"taxonomy":"post_tag","embeddable":true,"href":"https:\/\/blogdoedvaldomagalhaes.com.br\/index.php\/wp-json\/wp\/v2\/tags?post=86714"}],"curies":[{"name":"wp","href":"https:\/\/api.w.org\/{rel}","templated":true}]}}