{"id":86703,"date":"2022-08-24T09:53:16","date_gmt":"2022-08-24T12:53:16","guid":{"rendered":"https:\/\/blogdoedvaldomagalhaes.com.br\/?p=86703"},"modified":"2022-08-24T10:19:39","modified_gmt":"2022-08-24T13:19:39","slug":"policia-federal-prende-em-gravata-empresario-procurado-por-varios-crimes","status":"publish","type":"post","link":"https:\/\/blogdoedvaldomagalhaes.com.br\/index.php\/2022\/08\/24\/policia-federal-prende-em-gravata-empresario-procurado-por-varios-crimes\/","title":{"rendered":"Pol\u00edcia Federal prende em Gravat\u00e1 empres\u00e1rio procurado por v\u00e1rios crimes"},"content":{"rendered":"<p style=\"text-align: justify;\">A Pol\u00edcia Federal em Pernambuco atrav\u00e9s do Grupo de Capturas-GCAP, prendeu nessa ter\u00e7a-feira (22\/08), um foragido da justi\u00e7a de 55 anos, corretor de im\u00f3veis e natural de Sabin\u00f3polis\/MG. Ele responde a in\u00fameros processos por ter cometido uma s\u00e9rie de crimes e estava sendo procurado pelas policiais de Salvador\/BA e Te\u00f3filo Otone\/MG, al\u00e9m de j\u00e1 ter respondido outros processos em Governador Valadares\/MG, Prado\/MG, Sabin\u00f3polis\/MG, Rio de Janeiro\/RJ e Recife\/PE. Somente em Minas Gerais ele responde a tr\u00eas processos por desvio de carga, recepta\u00e7\u00e3o, furto e estelionato.<\/p>\n<p style=\"text-align: justify;\">Em sua vasta ficha criminal ele possu\u00eda v\u00ednculo societ\u00e1rio com pelo menos 26 empresas no ramo de im\u00f3veis, ve\u00edculos, restaurantes, lavanderia e laborat\u00f3rios m\u00e9dicos e ao que tudo indica servia como laranja emprestando o seu nome para o fim de ocultar bens de origem il\u00edcita e sempre apresentava documentos com nomes falsos para dificultar a sua identifica\u00e7\u00e3o e localiza\u00e7\u00e3o sendo necess\u00e1rio a confec\u00e7\u00e3o de um Laudo de Biometria Forense por Papiloscopista da Pol\u00edcia Federal para certificar se realmente era a pessoa foragida da justi\u00e7a.<\/p>\n<p style=\"text-align: justify;\">O criminoso foi preso quando estava numa resid\u00eancia em Gravat\u00e1\/PE e estava portando uma pistola 9mm sem registro no SINARM \u2013 Sistema Nacional de Armas. No momento de sua pris\u00e3o ele encontrava-se bastante nervoso, inclusive colocando dificuldades para entrar na viatura. Ap\u00f3s sua captura ele foi levado para a Pol\u00edcia Federal em Recife\/PE onde tomou ci\u00eancia do Mandado de Pris\u00e3o expedido no dia 21\/07\/2022 e em seguida encaminhado para o COTEL onde ficar\u00e1 \u00e0 disposi\u00e7\u00e3o da 2\u00aa Vara Especializada Criminal de Salvador\/BA.<\/p>\n","protected":false},"excerpt":{"rendered":"<p>A Pol\u00edcia Federal em Pernambuco atrav\u00e9s do Grupo de Capturas-GCAP, prendeu nessa ter\u00e7a-feira (22\/08), um foragido da justi\u00e7a de 55&hellip;<\/p>\n","protected":false},"author":1,"featured_media":86704,"comment_status":"open","ping_status":"open","sticky":false,"template":"","format":"standard","meta":{"footnotes":""},"categories":[14121],"tags":[2,19532,3406,25382],"class_list":["post-86703","post","type-post","status-publish","format-standard","has-post-thumbnail","hentry","category-policial","tag-blog-do-edvaldo-magalhaes","tag-blog-mais-acessado-e-visualizado-de-caruaru-e-regiao","tag-caruaru","tag-policia-federal-prende-em-gravata-empresario-procurado-por-varios-crimes"],"_links":{"self":[{"href":"https:\/\/blogdoedvaldomagalhaes.com.br\/index.php\/wp-json\/wp\/v2\/posts\/86703","targetHints":{"allow":["GET"]}}],"collection":[{"href":"https:\/\/blogdoedvaldomagalhaes.com.br\/index.php\/wp-json\/wp\/v2\/posts"}],"about":[{"href":"https:\/\/blogdoedvaldomagalhaes.com.br\/index.php\/wp-json\/wp\/v2\/types\/post"}],"author":[{"embeddable":true,"href":"https:\/\/blogdoedvaldomagalhaes.com.br\/index.php\/wp-json\/wp\/v2\/users\/1"}],"replies":[{"embeddable":true,"href":"https:\/\/blogdoedvaldomagalhaes.com.br\/index.php\/wp-json\/wp\/v2\/comments?post=86703"}],"version-history":[{"count":2,"href":"https:\/\/blogdoedvaldomagalhaes.com.br\/index.php\/wp-json\/wp\/v2\/posts\/86703\/revisions"}],"predecessor-version":[{"id":86707,"href":"https:\/\/blogdoedvaldomagalhaes.com.br\/index.php\/wp-json\/wp\/v2\/posts\/86703\/revisions\/86707"}],"wp:featuredmedia":[{"embeddable":true,"href":"https:\/\/blogdoedvaldomagalhaes.com.br\/index.php\/wp-json\/wp\/v2\/media\/86704"}],"wp:attachment":[{"href":"https:\/\/blogdoedvaldomagalhaes.com.br\/index.php\/wp-json\/wp\/v2\/media?parent=86703"}],"wp:term":[{"taxonomy":"category","embeddable":true,"href":"https:\/\/blogdoedvaldomagalhaes.com.br\/index.php\/wp-json\/wp\/v2\/categories?post=86703"},{"taxonomy":"post_tag","embeddable":true,"href":"https:\/\/blogdoedvaldomagalhaes.com.br\/index.php\/wp-json\/wp\/v2\/tags?post=86703"}],"curies":[{"name":"wp","href":"https:\/\/api.w.org\/{rel}","templated":true}]}}