{"id":86698,"date":"2022-08-24T08:18:10","date_gmt":"2022-08-24T11:18:10","guid":{"rendered":"https:\/\/blogdoedvaldomagalhaes.com.br\/?p=86698"},"modified":"2022-08-24T08:48:45","modified_gmt":"2022-08-24T11:48:45","slug":"pesquisa-conectar-marilia-lidera-com-37-seguida-de-raquel-e-anderson-com-11","status":"publish","type":"post","link":"https:\/\/blogdoedvaldomagalhaes.com.br\/index.php\/2022\/08\/24\/pesquisa-conectar-marilia-lidera-com-37-seguida-de-raquel-e-anderson-com-11\/","title":{"rendered":"Pesquisa Conectar: Mar\u00edlia lidera com 37%, seguida de Raquel e Anderson com 11%"},"content":{"rendered":"<p style=\"text-align: justify;\" data-reader-unique-id=\"1\">A pesquisa eleitoral\u00a0<strong data-reader-unique-id=\"2\">Conectar<\/strong>, divulgada com<strong data-reader-unique-id=\"3\"><span data-reader-unique-id=\"4\">\u00a0exclusividade<\/span> pelo Blog de Jamildo\u00a0<\/strong>nesta quarta-feira (24), apresenta nova rodada de inten\u00e7\u00f5es de voto para o\u00a0<strong data-reader-unique-id=\"5\">governo de Pernambuco<\/strong>.<\/p>\n<p style=\"text-align: justify;\" data-reader-unique-id=\"6\"><a href=\"https:\/\/radar.ne10.uol.com.br\/buscar?q=marilia+arraes\" target=\"_blank\" rel=\"noopener noreferrer\" data-reader-unique-id=\"7\"><strong data-reader-unique-id=\"8\">Mar\u00edlia Arraes (SD)<\/strong><\/a>, lidera a corrida eleitoral com\u00a0<strong data-reader-unique-id=\"9\">37%<\/strong>\u00a0das inten\u00e7\u00f5es de voto.<\/p>\n<p style=\"text-align: justify;\" data-reader-unique-id=\"10\">Na segunda coloca\u00e7\u00e3o se observa um empate num\u00e9rico entre\u00a0<strong data-reader-unique-id=\"11\">Raquel Lyra (PSDB)<\/strong>\u00a0e\u00a0<strong data-reader-unique-id=\"12\">Anderson Ferreira (PL)<\/strong>, ambos com\u00a0<strong data-reader-unique-id=\"13\">11%<\/strong>\u00a0dos votos totais.<\/p>\n<p style=\"text-align: justify;\" data-reader-unique-id=\"14\"><a href=\"https:\/\/radar.ne10.uol.com.br\/buscar\/?q=miguel+coelho\" target=\"_blank\" rel=\"noopener noreferrer\" data-reader-unique-id=\"15\"><strong data-reader-unique-id=\"16\">Miguel Coelho (UB)<\/strong><\/a>\u00a0tem\u00a0<strong data-reader-unique-id=\"17\">8%<\/strong>\u00a0das inten\u00e7\u00f5es de voto, seguido por\u00a0<strong data-reader-unique-id=\"18\">Danilo Cabral (PSB)<\/strong>, que alcan\u00e7a<strong data-reader-unique-id=\"19\">\u00a05%<\/strong>.<\/p>\n<p style=\"text-align: justify;\" data-reader-unique-id=\"30\"><strong data-reader-unique-id=\"31\">Jo\u00e3o Arnaldo (Psol)<\/strong>\u00a0marca\u00a0<strong data-reader-unique-id=\"32\">2%<\/strong>, e \u00e9 seguido por\u00a0<strong data-reader-unique-id=\"33\">Pastor Wellington (PTB)<\/strong>,\u00a0<strong data-reader-unique-id=\"34\">Claudia Ribeiro (PSTU)<\/strong>\u00a0e\u00a0<strong data-reader-unique-id=\"35\">Jones Manoel (PCB)<\/strong>, todos com\u00a0<strong data-reader-unique-id=\"36\">1%<\/strong>\u00a0das inten\u00e7\u00f5es.<\/p>\n<p style=\"text-align: justify;\" data-reader-unique-id=\"37\">Os demais candidatos n\u00e3o alcan\u00e7aram 1%. Brancos, nulos e quem n\u00e3o pretende votar em nenhum s\u00e3o 16%. 7% n\u00e3o sabem ou n\u00e3o responderam.<\/p>\n<h2 style=\"text-align: justify;\" data-reader-unique-id=\"44\">QUEM OSCILOU?<\/h2>\n<p style=\"text-align: justify;\" data-reader-unique-id=\"45\">Todos os principais candidatos apresentaram alguma\u00a0<strong data-reader-unique-id=\"46\">oscila\u00e7\u00e3o<\/strong>\u00a0em compara\u00e7\u00e3o com a \u00faltima pesquisa do instituto Conectar, divulgada em julho.<\/p>\n<p style=\"text-align: justify;\" data-reader-unique-id=\"57\"><strong data-reader-unique-id=\"58\">Mar\u00edlia<\/strong>\u00a0oscilou um ponto positivo, indo de\u00a0<strong data-reader-unique-id=\"59\">36% para 37%<\/strong>, dentro da margem de erro que \u00e9 de\u00a0<strong data-reader-unique-id=\"60\">3,1 pontos percentuais<\/strong>\u00a0nesta pesquisa eleitoral.<\/p>\n<p style=\"text-align: justify;\" data-reader-unique-id=\"61\"><a href=\"https:\/\/radar.ne10.uol.com.br\/buscar\/?q=raquel+lyra\" target=\"_blank\" rel=\"noopener noreferrer\" data-reader-unique-id=\"62\"><strong data-reader-unique-id=\"63\">Raquel<\/strong><\/a>\u00a0oscilou dois pontos negativamente, indo de\u00a0<strong data-reader-unique-id=\"64\">13% para 11%<\/strong>, mas tamb\u00e9m dentro da margem de erro.<\/p>\n<p style=\"text-align: justify;\" data-reader-unique-id=\"65\"><a href=\"https:\/\/radar.ne10.uol.com.br\/buscar\/?q=anderson\" target=\"_blank\" rel=\"noopener noreferrer\" data-reader-unique-id=\"66\"><strong data-reader-unique-id=\"67\">Anderson<\/strong><\/a>\u00a0foi o \u00fanico candidato que cresceu fora da margem. Em julho ele tinha\u00a0<strong data-reader-unique-id=\"68\">6%<\/strong>, agora alcan\u00e7ando\u00a0<strong data-reader-unique-id=\"69\">11%<\/strong>\u00a0das inten\u00e7\u00f5es de voto.<\/p>\n<p style=\"text-align: justify;\" data-reader-unique-id=\"70\"><strong data-reader-unique-id=\"71\">Miguel<\/strong>\u00a0oscilou dois pontos para baixo \u2013 em julho tinha\u00a0<strong data-reader-unique-id=\"72\">10%, hoje tem 8%<\/strong>. Danilo oscilou positivamente, indo de\u00a0<strong data-reader-unique-id=\"73\">4% para 5%<\/strong>.<\/p>\n<h2 style=\"text-align: justify;\" data-reader-unique-id=\"74\">CONFIRA INTEN\u00c7\u00d5ES DE VOTO PARA O GOVERNO DE PERNAMBUCO<\/h2>\n<ul style=\"text-align: justify;\" data-reader-unique-id=\"75\">\n<li data-reader-unique-id=\"76\">Mar\u00edlia Arraes (SD): 37%<\/li>\n<li data-reader-unique-id=\"78\">Raquel Lyra (PSDB): 11%<\/li>\n<li data-reader-unique-id=\"80\">Anderson Ferreira (PL): 11%<\/li>\n<li data-reader-unique-id=\"82\">Miguel Coelho (UB): 8%<\/li>\n<li data-reader-unique-id=\"84\">Danilo Cabral (PSB): 5%<\/li>\n<li data-reader-unique-id=\"86\">Jo\u00e3o Arnaldo (Psol): 2%<\/li>\n<li data-reader-unique-id=\"88\">Pastor Wellington (PTB): 1%<\/li>\n<li data-reader-unique-id=\"90\">Claudia Ribeiro (PSTU): 1%<\/li>\n<li data-reader-unique-id=\"92\">Jones Manoel (PCB): 1%<\/li>\n<\/ul>\n<p style=\"text-align: justify;\"><b>Confira a pesquisa eleitoral para Senado em Pernambuco<\/b><\/p>\n<p>Andr\u00e9 de Paula (PSD): 12%<\/p>\n<p>Guilherme Coelho (PSDB): 10%<\/p>\n<p>Teresa Leit\u00e3o (PT): 6%<\/p>\n<p>Gilson Machado Neto (PL): 6%<\/p>\n<p>Esteves Jacinto (PRTB): 3%<\/p>\n<p>Carlos Andrade Lima (UB): 3%<\/p>\n<p>Roberta Rita (PCO): 2%<\/p>\n<p>Eug\u00eania Lima (PSOL): 1%<\/p>\n<p>Dayse Medeiros (PSTU): 1%<\/p>\n<p>Nenhum\/Branco\/Nulo: 41%<\/p>\n<p>N\u00e3o sabe\/N\u00e3o respondeu: 15%<\/p>\n<h2 style=\"text-align: justify;\" data-reader-unique-id=\"93\">SOBRE A PESQUISA ELEITORAL CONECTAR<\/h2>\n<p style=\"text-align: justify;\" data-reader-unique-id=\"94\">A pesquisa \u00e9 pr\u00f3pria do instituto e entrevista mil pessoas diretamente entre os dias 19 e 22.<\/p>\n<p style=\"text-align: justify;\" data-reader-unique-id=\"95\">O n\u00edvel de confian\u00e7a \u00e9 de 95% para uma margem de erro de 3,1 pontos percentuais.<\/p>\n<p style=\"text-align: justify;\" data-reader-unique-id=\"96\">Est\u00e1 registrada no TSE com os n\u00fameros PE-02873\/2022<\/p>\n<p style=\"text-align: justify;\" data-reader-unique-id=\"96\"><a href=\"https:\/\/jc.ne10.uol.com.br\/colunas\/jamildo\/2022\/08\/15067884-pesquisa-governo-pe-confira-intencoes-de-voto-para-o-governo-de-pernambuco-em-nova-pesquisa.html\">Blog de Jamildo\u00a0<\/a><\/p>\n","protected":false},"excerpt":{"rendered":"<p>A pesquisa eleitoral\u00a0Conectar, divulgada com\u00a0exclusividade pelo Blog de Jamildo\u00a0nesta quarta-feira (24), apresenta nova rodada de inten\u00e7\u00f5es de voto para o\u00a0governo&hellip;<\/p>\n","protected":false},"author":1,"featured_media":86699,"comment_status":"open","ping_status":"open","sticky":false,"template":"","format":"standard","meta":{"footnotes":""},"categories":[14122],"tags":[2,19532,3406,25381,20],"class_list":["post-86698","post","type-post","status-publish","format-standard","has-post-thumbnail","hentry","category-politica","tag-blog-do-edvaldo-magalhaes","tag-blog-mais-acessado-e-visualizado-de-caruaru-e-regiao","tag-caruaru","tag-pesquisa-conectar","tag-politica"],"_links":{"self":[{"href":"https:\/\/blogdoedvaldomagalhaes.com.br\/index.php\/wp-json\/wp\/v2\/posts\/86698","targetHints":{"allow":["GET"]}}],"collection":[{"href":"https:\/\/blogdoedvaldomagalhaes.com.br\/index.php\/wp-json\/wp\/v2\/posts"}],"about":[{"href":"https:\/\/blogdoedvaldomagalhaes.com.br\/index.php\/wp-json\/wp\/v2\/types\/post"}],"author":[{"embeddable":true,"href":"https:\/\/blogdoedvaldomagalhaes.com.br\/index.php\/wp-json\/wp\/v2\/users\/1"}],"replies":[{"embeddable":true,"href":"https:\/\/blogdoedvaldomagalhaes.com.br\/index.php\/wp-json\/wp\/v2\/comments?post=86698"}],"version-history":[{"count":3,"href":"https:\/\/blogdoedvaldomagalhaes.com.br\/index.php\/wp-json\/wp\/v2\/posts\/86698\/revisions"}],"predecessor-version":[{"id":86702,"href":"https:\/\/blogdoedvaldomagalhaes.com.br\/index.php\/wp-json\/wp\/v2\/posts\/86698\/revisions\/86702"}],"wp:featuredmedia":[{"embeddable":true,"href":"https:\/\/blogdoedvaldomagalhaes.com.br\/index.php\/wp-json\/wp\/v2\/media\/86699"}],"wp:attachment":[{"href":"https:\/\/blogdoedvaldomagalhaes.com.br\/index.php\/wp-json\/wp\/v2\/media?parent=86698"}],"wp:term":[{"taxonomy":"category","embeddable":true,"href":"https:\/\/blogdoedvaldomagalhaes.com.br\/index.php\/wp-json\/wp\/v2\/categories?post=86698"},{"taxonomy":"post_tag","embeddable":true,"href":"https:\/\/blogdoedvaldomagalhaes.com.br\/index.php\/wp-json\/wp\/v2\/tags?post=86698"}],"curies":[{"name":"wp","href":"https:\/\/api.w.org\/{rel}","templated":true}]}}