{"id":86634,"date":"2022-08-22T12:19:53","date_gmt":"2022-08-22T15:19:53","guid":{"rendered":"https:\/\/blogdoedvaldomagalhaes.com.br\/?p=86634"},"modified":"2022-08-22T12:23:24","modified_gmt":"2022-08-22T15:23:24","slug":"carlos-braga-visita-reduto-do-vereador-nelson-diniz-e-fortalece-apoio","status":"publish","type":"post","link":"https:\/\/blogdoedvaldomagalhaes.com.br\/index.php\/2022\/08\/22\/carlos-braga-visita-reduto-do-vereador-nelson-diniz-e-fortalece-apoio\/","title":{"rendered":"Carlos Braga visita reduto do vereador Nelson Diniz e fortalece apoio"},"content":{"rendered":"<p style=\"text-align: justify;\"><span style=\"font-weight: 400;\">O candidato \u00e0 vaga na Assembleia Legislativa de Pernambuco, Carlos Braga (PSDB), tem comemorado a receptividade da popula\u00e7\u00e3o caruaruense em suas visitas pelas comunidades, sempre ladeado do vereador por Caruaru Nelson Diniz (CID), o aspirante a deputado estadual tem cumprido desde a primeira semana de campanha uma agenda de tirar o f\u00f4lego, levando a sua milit\u00e2ncia \u00e0s ruas, e aumentando a marcha nesse comecinho de semana, iniciando visitas pelas vias Centro e Divin\u00f3polis, redutos de Nelson Diniz.&nbsp;&nbsp;&nbsp;<\/span><\/p>\n<p style=\"text-align: justify;\"><span style=\"font-weight: 400;\">&nbsp;\u201cA campanha pol\u00edtica n\u00e3o s\u00f3 \u00e9 um processo fundamental para garantir votos, mas \u00e9 a experi\u00eancia mais real de visualiza\u00e7\u00e3o e compreens\u00e3o das necessidades das comunidades. Est\u00e1 nas ruas e ouvir do povo seus anseios de uma cidade melhor para se viver, \u00e9 o ponto chave na implementa\u00e7\u00e3o do meu programa parlamentar, para que com justi\u00e7a possamos enviar emendas que atenda os setores que primam o desenvolvimento social e incentiva e qualifica \u00e0s pr\u00e1ticas esportivas. Estou aspirando uma vaga como deputado estadual para lutar por pol\u00edticas p\u00fablicas em benef\u00edcios do povo\u201d, destacou o candidato Carlos Braga.&nbsp;<\/span><\/p>\n<p style=\"text-align: justify;\"><span style=\"font-weight: 400;\">A receptividade do caruaruense com a candidatura de Braga, muito se credita ao trabalho de apoio que o vereador Nelson Diniz tem realizado, levando o candidato e sua milit\u00e2ncia as suas \u00e1reas de reduto como parlamentar, informando as comunidades a trajet\u00f3ria p\u00fablica do candidato a deputado estadual e conquistando os objetivos de campanha, a confian\u00e7a do caruaruense. \u201cCarlos Braga tem servi\u00e7os prestado no munic\u00edpio, desenvolveu um trabalho louv\u00e1vel com foco nas pessoas em situa\u00e7\u00e3o de vulnerabilidade, al\u00e9m de ser uma for\u00e7a de Caruaru, imprescind\u00edvel, por entender de perto as necessidades da nossa cidade. Com uma vis\u00e3o de gest\u00e3o pujante \u00e9 o candidato a deputado estadual que merece todo esse nosso movimento de campanha\u201d, explicou Diniz.<\/span><\/p>\n<p style=\"text-align: justify;\"><span style=\"font-weight: 400;\">Carlos Braga ficou conhecido na gest\u00e3o de governo da ex-prefeita de Caruaru, Raquel Lyra, por se destacar ao liderar a pasta de maior envolvimento com as necessidade b\u00e1sicas da popula\u00e7\u00e3o em situa\u00e7\u00e3o de vulnerabilidade, a Secretaria de Desenvolvimento Social, colocando em pr\u00e1tica a sua experi\u00eancia de gest\u00e3o para entender e implementar pol\u00edticas p\u00fablicas que gere qualidade de vida e dignidade a todos.&nbsp;<\/span><\/p>\n\n\n<figure class=\"wp-block-image size-large\"><img loading=\"lazy\" decoding=\"async\" width=\"576\" height=\"1024\" src=\"https:\/\/blogdoedvaldomagalhaes.com.br\/wp-content\/uploads\/2022\/08\/IMG-20220822-WA0067-576x1024.jpg\" alt=\"\" class=\"wp-image-86637\" srcset=\"https:\/\/blogdoedvaldomagalhaes.com.br\/wp-content\/uploads\/2022\/08\/IMG-20220822-WA0067-576x1024.jpg 576w, https:\/\/blogdoedvaldomagalhaes.com.br\/wp-content\/uploads\/2022\/08\/IMG-20220822-WA0067-169x300.jpg 169w, https:\/\/blogdoedvaldomagalhaes.com.br\/wp-content\/uploads\/2022\/08\/IMG-20220822-WA0067-768x1365.jpg 768w, https:\/\/blogdoedvaldomagalhaes.com.br\/wp-content\/uploads\/2022\/08\/IMG-20220822-WA0067-864x1536.jpg 864w, https:\/\/blogdoedvaldomagalhaes.com.br\/wp-content\/uploads\/2022\/08\/IMG-20220822-WA0067.jpg 900w\" sizes=\"auto, (max-width: 576px) 100vw, 576px\" \/><\/figure>\n\n\n\n<figure class=\"wp-block-image size-large\"><img loading=\"lazy\" decoding=\"async\" width=\"768\" height=\"1024\" src=\"https:\/\/blogdoedvaldomagalhaes.com.br\/wp-content\/uploads\/2022\/08\/IMG-20220822-WA0070-768x1024.jpg\" alt=\"\" class=\"wp-image-86638\" srcset=\"https:\/\/blogdoedvaldomagalhaes.com.br\/wp-content\/uploads\/2022\/08\/IMG-20220822-WA0070-768x1024.jpg 768w, https:\/\/blogdoedvaldomagalhaes.com.br\/wp-content\/uploads\/2022\/08\/IMG-20220822-WA0070-225x300.jpg 225w, https:\/\/blogdoedvaldomagalhaes.com.br\/wp-content\/uploads\/2022\/08\/IMG-20220822-WA0070-1152x1536.jpg 1152w, https:\/\/blogdoedvaldomagalhaes.com.br\/wp-content\/uploads\/2022\/08\/IMG-20220822-WA0070.jpg 1200w\" sizes=\"auto, (max-width: 768px) 100vw, 768px\" \/><figcaption>Fotos: Divulga\u00e7\u00e3o <\/figcaption><\/figure>\n","protected":false},"excerpt":{"rendered":"<p>O candidato \u00e0 vaga na Assembleia Legislativa de Pernambuco, Carlos Braga (PSDB), tem comemorado a receptividade da popula\u00e7\u00e3o caruaruense em&hellip;<\/p>\n","protected":false},"author":1,"featured_media":86635,"comment_status":"open","ping_status":"open","sticky":false,"template":"","format":"standard","meta":{"footnotes":""},"categories":[14122],"tags":[2,19532,25367,3406,20],"class_list":["post-86634","post","type-post","status-publish","format-standard","has-post-thumbnail","hentry","category-politica","tag-blog-do-edvaldo-magalhaes","tag-blog-mais-acessado-e-visualizado-de-caruaru-e-regiao","tag-carlos-braga-visita-reduto-do-vereador-nelson-diniz-e-fortalece-apoio","tag-caruaru","tag-politica"],"_links":{"self":[{"href":"https:\/\/blogdoedvaldomagalhaes.com.br\/index.php\/wp-json\/wp\/v2\/posts\/86634","targetHints":{"allow":["GET"]}}],"collection":[{"href":"https:\/\/blogdoedvaldomagalhaes.com.br\/index.php\/wp-json\/wp\/v2\/posts"}],"about":[{"href":"https:\/\/blogdoedvaldomagalhaes.com.br\/index.php\/wp-json\/wp\/v2\/types\/post"}],"author":[{"embeddable":true,"href":"https:\/\/blogdoedvaldomagalhaes.com.br\/index.php\/wp-json\/wp\/v2\/users\/1"}],"replies":[{"embeddable":true,"href":"https:\/\/blogdoedvaldomagalhaes.com.br\/index.php\/wp-json\/wp\/v2\/comments?post=86634"}],"version-history":[{"count":2,"href":"https:\/\/blogdoedvaldomagalhaes.com.br\/index.php\/wp-json\/wp\/v2\/posts\/86634\/revisions"}],"predecessor-version":[{"id":86640,"href":"https:\/\/blogdoedvaldomagalhaes.com.br\/index.php\/wp-json\/wp\/v2\/posts\/86634\/revisions\/86640"}],"wp:featuredmedia":[{"embeddable":true,"href":"https:\/\/blogdoedvaldomagalhaes.com.br\/index.php\/wp-json\/wp\/v2\/media\/86635"}],"wp:attachment":[{"href":"https:\/\/blogdoedvaldomagalhaes.com.br\/index.php\/wp-json\/wp\/v2\/media?parent=86634"}],"wp:term":[{"taxonomy":"category","embeddable":true,"href":"https:\/\/blogdoedvaldomagalhaes.com.br\/index.php\/wp-json\/wp\/v2\/categories?post=86634"},{"taxonomy":"post_tag","embeddable":true,"href":"https:\/\/blogdoedvaldomagalhaes.com.br\/index.php\/wp-json\/wp\/v2\/tags?post=86634"}],"curies":[{"name":"wp","href":"https:\/\/api.w.org\/{rel}","templated":true}]}}