{"id":86631,"date":"2022-08-22T11:07:35","date_gmt":"2022-08-22T14:07:35","guid":{"rendered":"https:\/\/blogdoedvaldomagalhaes.com.br\/?p=86631"},"modified":"2022-08-22T11:07:36","modified_gmt":"2022-08-22T14:07:36","slug":"prf-recupera-carro-adquirido-no-golpe-do-pix-e-detem-motorista","status":"publish","type":"post","link":"https:\/\/blogdoedvaldomagalhaes.com.br\/index.php\/2022\/08\/22\/prf-recupera-carro-adquirido-no-golpe-do-pix-e-detem-motorista\/","title":{"rendered":"PRF recupera carro adquirido no \u201cgolpe do pix\u201d e det\u00e9m motorista"},"content":{"rendered":"<p style=\"text-align: justify;\"><span style=\"font-size: inherit;\">O carro que havia sido adquirido atrav\u00e9s do \u201cgolpe do pix\u201d foi recuperado, no domingo (21), pela Pol\u00edcia Rodovi\u00e1ria Federal (PRF), na BR 423, em Garanhuns, no Agreste de Pernambuco. O motorista do ve\u00edculo foi detido na a\u00e7\u00e3o.<\/span><\/p>\n<p style=\"text-align: justify;\">Durante a abordagem no km 94 da rodovia, policiais realizaram uma verifica\u00e7\u00e3o no carro e constataram que havia uma queixa do dia 29 de julho deste ano, em Pesqueira, tamb\u00e9m no Agreste. O propriet\u00e1rio relatou que havia ca\u00eddo no &#8220;golpe do Pix&#8221;, em que o comprador simulou a transfer\u00eancia de um valor, mas a v\u00edtima n\u00e3o conferiu se o valor havia sido transferido corretamente.<\/p>\n<p style=\"text-align: justify;\">O motorista foi encaminhado \u00e0 Delegacia de Pol\u00edcia Civil de Garanhuns e poder\u00e1 responder por recepta\u00e7\u00e3o.<\/p>\n<p>Foto: Divulga\u00e7\u00e3o.<\/p>\n","protected":false},"excerpt":{"rendered":"<p>O carro que havia sido adquirido atrav\u00e9s do \u201cgolpe do pix\u201d foi recuperado, no domingo (21), pela Pol\u00edcia Rodovi\u00e1ria Federal&hellip;<\/p>\n","protected":false},"author":1,"featured_media":86632,"comment_status":"open","ping_status":"open","sticky":false,"template":"","format":"standard","meta":{"footnotes":""},"categories":[14121],"tags":[2,19532,3406,25366],"class_list":["post-86631","post","type-post","status-publish","format-standard","has-post-thumbnail","hentry","category-policial","tag-blog-do-edvaldo-magalhaes","tag-blog-mais-acessado-e-visualizado-de-caruaru-e-regiao","tag-caruaru","tag-prf-recupera-carro-adquirido-no-golpe-do-pix-e-detem-motorista"],"_links":{"self":[{"href":"https:\/\/blogdoedvaldomagalhaes.com.br\/index.php\/wp-json\/wp\/v2\/posts\/86631","targetHints":{"allow":["GET"]}}],"collection":[{"href":"https:\/\/blogdoedvaldomagalhaes.com.br\/index.php\/wp-json\/wp\/v2\/posts"}],"about":[{"href":"https:\/\/blogdoedvaldomagalhaes.com.br\/index.php\/wp-json\/wp\/v2\/types\/post"}],"author":[{"embeddable":true,"href":"https:\/\/blogdoedvaldomagalhaes.com.br\/index.php\/wp-json\/wp\/v2\/users\/1"}],"replies":[{"embeddable":true,"href":"https:\/\/blogdoedvaldomagalhaes.com.br\/index.php\/wp-json\/wp\/v2\/comments?post=86631"}],"version-history":[{"count":1,"href":"https:\/\/blogdoedvaldomagalhaes.com.br\/index.php\/wp-json\/wp\/v2\/posts\/86631\/revisions"}],"predecessor-version":[{"id":86633,"href":"https:\/\/blogdoedvaldomagalhaes.com.br\/index.php\/wp-json\/wp\/v2\/posts\/86631\/revisions\/86633"}],"wp:featuredmedia":[{"embeddable":true,"href":"https:\/\/blogdoedvaldomagalhaes.com.br\/index.php\/wp-json\/wp\/v2\/media\/86632"}],"wp:attachment":[{"href":"https:\/\/blogdoedvaldomagalhaes.com.br\/index.php\/wp-json\/wp\/v2\/media?parent=86631"}],"wp:term":[{"taxonomy":"category","embeddable":true,"href":"https:\/\/blogdoedvaldomagalhaes.com.br\/index.php\/wp-json\/wp\/v2\/categories?post=86631"},{"taxonomy":"post_tag","embeddable":true,"href":"https:\/\/blogdoedvaldomagalhaes.com.br\/index.php\/wp-json\/wp\/v2\/tags?post=86631"}],"curies":[{"name":"wp","href":"https:\/\/api.w.org\/{rel}","templated":true}]}}