{"id":86627,"date":"2022-08-22T10:23:40","date_gmt":"2022-08-22T13:23:40","guid":{"rendered":"https:\/\/blogdoedvaldomagalhaes.com.br\/?p=86627"},"modified":"2022-08-22T10:23:41","modified_gmt":"2022-08-22T13:23:41","slug":"liga-feminina-de-combate-ao-cancer-completa-50-anos-de-atividades-em-caruaru","status":"publish","type":"post","link":"https:\/\/blogdoedvaldomagalhaes.com.br\/index.php\/2022\/08\/22\/liga-feminina-de-combate-ao-cancer-completa-50-anos-de-atividades-em-caruaru\/","title":{"rendered":"Liga Feminina de Combate ao C\u00e2ncer completa 50 anos de atividades em Caruaru"},"content":{"rendered":"<p style=\"text-align: justify;\">A Casa de apoio mantida pela entidade recebe pacientes em tratamento contra o c\u00e2ncer de diversas cidades do Agreste e Sert\u00e3o<\/p>\n<p style=\"text-align: justify;\">A Liga Feminina de Combate ao C\u00e2ncer completa meio s\u00e9culo de atividades no pr\u00f3ximo dia (30) e anuncia uma programa\u00e7\u00e3o comemorativa. A entidade foi criada em 1972 por mulheres da sociedade caruaruense, envolvidas em projetos sociais e com o principal objetivo de acolher e cuidar de pacientes na luta contra o c\u00e2ncer. A Liga apoia e presta servi\u00e7os aos portadores da doen\u00e7a com moradia, alimenta\u00e7\u00e3o e atividades l\u00fadicas, durante todo o per\u00edodo de tratamento.<\/p>\n<p style=\"text-align: justify;\">A Liga \u00e9 mantida, atrav\u00e9s de doa\u00e7\u00f5es do poder privado e das volunt\u00e1rias que trabalham em prol da causa. Diariamente a Casa de Apoio, localizada no bairro do Salgado recebe pacientes de diversas cidades do Agreste e do Sert\u00e3o do estado. Os pacientes s\u00e3o encaminhados para a Casa, atrav\u00e9s do servi\u00e7o de Assist\u00eancia Social dos Hospitais em que fazem o tratamento, a exemplo do Santa Agueda e CEOC \u2013 Centro de Oncologia do Agreste.<\/p>\n<p style=\"text-align: justify;\">&#8220;Quando surgiu, o objetivo sempre foi ajudar essas pessoas que recebiam o tratamento m\u00e9dico gratuito longe de seus domic\u00edlios, mas n\u00e3o tinham onde morar durante o per\u00edodo de realiza\u00e7\u00e3o das quimioterapias e radioterapias, pois s\u00e3o tratamentos mais demorados. Por isso essa causa \u00e9 t\u00e3o importante at\u00e9 os dias de hoje, as pessoas saem de suas cidades e ficam morando em nossa Casa de Apoio e assim podem fazer o tratamento do in\u00edcio ao fim sem custo\u201d, disse a presidente da Liga, Irandy Leonel.<\/p>\n<p style=\"text-align: justify;\">No dia 30 de agosto, \u00e0s 17h30, uma missa ser\u00e1 celebrada na Capela do Hospital S\u00e3o Sebasti\u00e3o. Tamb\u00e9m consta na programa\u00e7\u00e3o a realiza\u00e7\u00e3o de um brech\u00f3 social com vendas de roupas, sapatos, bolsas, entre outros itens. Duas empresas tamb\u00e9m abra\u00e7aram a causa e presentearam a Liga. O UNINASSAU &#8211; Centro Universit\u00e1rio Maur\u00edcio de Nassau, em Caruaru, ir\u00e1 desenvolver de forma gratuita o site da entidade e a logomarca, j\u00e1 a empresa de tecnologia Comeia ir\u00e1 gravar e editar o v\u00eddeo institucional em comemora\u00e7\u00e3o ao anivers\u00e1rio.<\/p>\n\n\n<figure class=\"wp-block-image size-large\"><img loading=\"lazy\" decoding=\"async\" width=\"1024\" height=\"768\" src=\"https:\/\/blogdoedvaldomagalhaes.com.br\/wp-content\/uploads\/2022\/08\/IMG-20220822-WA0032-1024x768.jpg\" alt=\"\" class=\"wp-image-86629\" srcset=\"https:\/\/blogdoedvaldomagalhaes.com.br\/wp-content\/uploads\/2022\/08\/IMG-20220822-WA0032-1024x768.jpg 1024w, https:\/\/blogdoedvaldomagalhaes.com.br\/wp-content\/uploads\/2022\/08\/IMG-20220822-WA0032-300x225.jpg 300w, https:\/\/blogdoedvaldomagalhaes.com.br\/wp-content\/uploads\/2022\/08\/IMG-20220822-WA0032-768x576.jpg 768w, https:\/\/blogdoedvaldomagalhaes.com.br\/wp-content\/uploads\/2022\/08\/IMG-20220822-WA0032-160x120.jpg 160w, https:\/\/blogdoedvaldomagalhaes.com.br\/wp-content\/uploads\/2022\/08\/IMG-20220822-WA0032.jpg 1080w\" sizes=\"auto, (max-width: 1024px) 100vw, 1024px\" \/><\/figure>\n","protected":false},"excerpt":{"rendered":"<p>A Casa de apoio mantida pela entidade recebe pacientes em tratamento contra o c\u00e2ncer de diversas cidades do Agreste e&hellip;<\/p>\n","protected":false},"author":1,"featured_media":86628,"comment_status":"open","ping_status":"open","sticky":false,"template":"","format":"standard","meta":{"footnotes":""},"categories":[14120],"tags":[2,19532,3406,25365],"class_list":["post-86627","post","type-post","status-publish","format-standard","has-post-thumbnail","hentry","category-noticias","tag-blog-do-edvaldo-magalhaes","tag-blog-mais-acessado-e-visualizado-de-caruaru-e-regiao","tag-caruaru","tag-liga-feminina-de-combate-ao-cancer-completa-50-anos-de-atividades-em-caruaru"],"_links":{"self":[{"href":"https:\/\/blogdoedvaldomagalhaes.com.br\/index.php\/wp-json\/wp\/v2\/posts\/86627","targetHints":{"allow":["GET"]}}],"collection":[{"href":"https:\/\/blogdoedvaldomagalhaes.com.br\/index.php\/wp-json\/wp\/v2\/posts"}],"about":[{"href":"https:\/\/blogdoedvaldomagalhaes.com.br\/index.php\/wp-json\/wp\/v2\/types\/post"}],"author":[{"embeddable":true,"href":"https:\/\/blogdoedvaldomagalhaes.com.br\/index.php\/wp-json\/wp\/v2\/users\/1"}],"replies":[{"embeddable":true,"href":"https:\/\/blogdoedvaldomagalhaes.com.br\/index.php\/wp-json\/wp\/v2\/comments?post=86627"}],"version-history":[{"count":1,"href":"https:\/\/blogdoedvaldomagalhaes.com.br\/index.php\/wp-json\/wp\/v2\/posts\/86627\/revisions"}],"predecessor-version":[{"id":86630,"href":"https:\/\/blogdoedvaldomagalhaes.com.br\/index.php\/wp-json\/wp\/v2\/posts\/86627\/revisions\/86630"}],"wp:featuredmedia":[{"embeddable":true,"href":"https:\/\/blogdoedvaldomagalhaes.com.br\/index.php\/wp-json\/wp\/v2\/media\/86628"}],"wp:attachment":[{"href":"https:\/\/blogdoedvaldomagalhaes.com.br\/index.php\/wp-json\/wp\/v2\/media?parent=86627"}],"wp:term":[{"taxonomy":"category","embeddable":true,"href":"https:\/\/blogdoedvaldomagalhaes.com.br\/index.php\/wp-json\/wp\/v2\/categories?post=86627"},{"taxonomy":"post_tag","embeddable":true,"href":"https:\/\/blogdoedvaldomagalhaes.com.br\/index.php\/wp-json\/wp\/v2\/tags?post=86627"}],"curies":[{"name":"wp","href":"https:\/\/api.w.org\/{rel}","templated":true}]}}