{"id":86615,"date":"2022-08-21T20:13:35","date_gmt":"2022-08-21T23:13:35","guid":{"rendered":"https:\/\/blogdoedvaldomagalhaes.com.br\/?p=86615"},"modified":"2022-08-21T23:01:06","modified_gmt":"2022-08-22T02:01:06","slug":"atropelamento-com-vitima-fatal-na-br-232","status":"publish","type":"post","link":"https:\/\/blogdoedvaldomagalhaes.com.br\/index.php\/2022\/08\/21\/atropelamento-com-vitima-fatal-na-br-232\/","title":{"rendered":"Atropelamento com v\u00edtima fatal na BR 232"},"content":{"rendered":"<p style=\"text-align: justify;\">A Pol\u00edcia Rodovi\u00e1ria Federal (PRF), registrou um atropelamento com v\u00edtima fatal no km 98,6 da BR 232, pr\u00f3ximo ao Parque Industrial na cidade de Bezerros, no Agreste de Pernambuco, na noite desse s\u00e1bado (29). Rodrigo Mariano da Silva, de 27 anos de idade, que morava no bairro Cohab, morreu ao tentar atravessar a rodovia. O m<span style=\"font-size: inherit;\">otorista permaneceu no local e realizou o teste do baf\u00f4metro e o resultado, cujo resultado foi normal.<\/span><\/p>\n<p style=\"text-align: justify;\">Al\u00e9m da PRF, a PM, Guarda Municipal, SAMU, IC e o IML estiveram no local. A Pol\u00edcia Civil vai investigar o caso.<span style=\"font-size: inherit;\"> O corpo foi encaminhado para o IML de Caruaru.<\/span><\/p>\n<p>Se inscreva no canal do Edvaldo Magalh\u00e3es no YouTube.<\/p>\n\n\n<figure class=\"wp-block-image size-large\"><img loading=\"lazy\" decoding=\"async\" width=\"320\" height=\"401\" src=\"https:\/\/blogdoedvaldomagalhaes.com.br\/wp-content\/uploads\/2022\/08\/FB_IMG_16611256806190757.jpg\" alt=\"\" class=\"wp-image-86624\" srcset=\"https:\/\/blogdoedvaldomagalhaes.com.br\/wp-content\/uploads\/2022\/08\/FB_IMG_16611256806190757.jpg 320w, https:\/\/blogdoedvaldomagalhaes.com.br\/wp-content\/uploads\/2022\/08\/FB_IMG_16611256806190757-239x300.jpg 239w\" sizes=\"auto, (max-width: 320px) 100vw, 320px\" \/><figcaption>V\u00edtima: Rodrigo Mariano da Silva<\/figcaption><\/figure>\n","protected":false},"excerpt":{"rendered":"<p>A Pol\u00edcia Rodovi\u00e1ria Federal (PRF), registrou um atropelamento com v\u00edtima fatal no km 98,6 da BR 232, pr\u00f3ximo ao Parque&hellip;<\/p>\n","protected":false},"author":1,"featured_media":86616,"comment_status":"open","ping_status":"open","sticky":false,"template":"","format":"standard","meta":{"footnotes":""},"categories":[14120],"tags":[25364,2,19532,3406],"class_list":["post-86615","post","type-post","status-publish","format-standard","has-post-thumbnail","hentry","category-noticias","tag-atropelamento-com-vitima-fatal-na-br-232","tag-blog-do-edvaldo-magalhaes","tag-blog-mais-acessado-e-visualizado-de-caruaru-e-regiao","tag-caruaru"],"_links":{"self":[{"href":"https:\/\/blogdoedvaldomagalhaes.com.br\/index.php\/wp-json\/wp\/v2\/posts\/86615","targetHints":{"allow":["GET"]}}],"collection":[{"href":"https:\/\/blogdoedvaldomagalhaes.com.br\/index.php\/wp-json\/wp\/v2\/posts"}],"about":[{"href":"https:\/\/blogdoedvaldomagalhaes.com.br\/index.php\/wp-json\/wp\/v2\/types\/post"}],"author":[{"embeddable":true,"href":"https:\/\/blogdoedvaldomagalhaes.com.br\/index.php\/wp-json\/wp\/v2\/users\/1"}],"replies":[{"embeddable":true,"href":"https:\/\/blogdoedvaldomagalhaes.com.br\/index.php\/wp-json\/wp\/v2\/comments?post=86615"}],"version-history":[{"count":6,"href":"https:\/\/blogdoedvaldomagalhaes.com.br\/index.php\/wp-json\/wp\/v2\/posts\/86615\/revisions"}],"predecessor-version":[{"id":86626,"href":"https:\/\/blogdoedvaldomagalhaes.com.br\/index.php\/wp-json\/wp\/v2\/posts\/86615\/revisions\/86626"}],"wp:featuredmedia":[{"embeddable":true,"href":"https:\/\/blogdoedvaldomagalhaes.com.br\/index.php\/wp-json\/wp\/v2\/media\/86616"}],"wp:attachment":[{"href":"https:\/\/blogdoedvaldomagalhaes.com.br\/index.php\/wp-json\/wp\/v2\/media?parent=86615"}],"wp:term":[{"taxonomy":"category","embeddable":true,"href":"https:\/\/blogdoedvaldomagalhaes.com.br\/index.php\/wp-json\/wp\/v2\/categories?post=86615"},{"taxonomy":"post_tag","embeddable":true,"href":"https:\/\/blogdoedvaldomagalhaes.com.br\/index.php\/wp-json\/wp\/v2\/tags?post=86615"}],"curies":[{"name":"wp","href":"https:\/\/api.w.org\/{rel}","templated":true}]}}