{"id":8660,"date":"2016-08-11T14:17:00","date_gmt":"2016-08-11T17:17:00","guid":{"rendered":"http:\/\/blogdoedvaldomagalhaes.com.br\/index.php\/2016\/08\/11\/desfile-de-7-de-setembro-em-caruaru\/"},"modified":"2019-02-09T00:54:35","modified_gmt":"2019-02-09T02:54:35","slug":"desfile-de-7-de-setembro-em-caruaru","status":"publish","type":"post","link":"https:\/\/blogdoedvaldomagalhaes.com.br\/index.php\/2016\/08\/11\/desfile-de-7-de-setembro-em-caruaru\/","title":{"rendered":"Saiba como ser\u00e1 o Desfile de 7 de Setembro deste ano em Caruaru"},"content":{"rendered":"<div style=\"text-align: justify;\">\n<div class=\"separator\" style=\"clear: both; text-align: center;\">\n<a href=\"https:\/\/3.bp.blogspot.com\/-ZyLnFtUHwFU\/V6yIiZhvitI\/AAAAAAAAELk\/fPEKCXFtJ40bHzt3tJ5MgQmdW-cf2hHfACLcB\/s1600\/desfile.JPG\" imageanchor=\"1\" style=\"margin-left: 1em; margin-right: 1em;\"><img loading=\"lazy\" decoding=\"async\" border=\"0\" height=\"191\" src=\"http:\/\/blogdoedvaldomagalhaes.com.br\/wp-content\/uploads\/2016\/08\/desfile.jpg\" width=\"400\" \/><\/a><\/div>\n<div class=\"separator\" style=\"clear: both; text-align: justify;\">\n<\/div>\n<\/div>\n<div style=\"text-align: justify;\">\nRealizada nesta quinta-feira (11), em<br \/>\nCaruaru, a primeira reuni\u00e3o geral para discutir o Desfile C\u00edvico de 7 de<br \/>\n Setembro. As entidades envolvidas com o evento receberam orienta\u00e7\u00f5es da<br \/>\n Secretaria municipal de Educa\u00e7\u00e3o. A reuni\u00e3o foi comandada pelo Ruben\u00edsio Medeiros, coordenador do desfile, e contou as presen\u00e7as de Gra\u00e7a Rosal, Secret\u00e1ria Municipal de Educa\u00e7\u00e3o e Betejane Val\u00e9ria, gerente da GRE Centro Norte\/Caruaru.<\/p>\n<p><\/p>\n<div class=\"separator\" style=\"clear: both; text-align: center;\">\n<a href=\"https:\/\/2.bp.blogspot.com\/-Tifw2BdWsdo\/V6yuPrnZX5I\/AAAAAAAAEMM\/rYzflW2mxPUzrOA6mXC5oFxJbWIlZdGUACLcB\/s1600\/desfile%2B1.jpg\" imageanchor=\"1\" style=\"margin-left: 1em; margin-right: 1em;\"><img loading=\"lazy\" decoding=\"async\" border=\"0\" height=\"300\" src=\"http:\/\/blogdoedvaldomagalhaes.com.br\/wp-content\/uploads\/2016\/08\/desfile1.jpg\" width=\"400\" \/><\/a><\/div>\n<p><\/div>\n<div style=\"text-align: justify;\">\n<\/div>\n<div style=\"text-align: justify;\">\nEste ano devem desfilar alunos de 24<br \/>\nescolas, sendo 4 particulares, 12 municipais e 8 do Estado. Na reuni\u00e3o,<br \/>\nque aconteceu no Col\u00e9gio Professor Machadinho, ficou definido que haver\u00e1<br \/>\n redu\u00e7\u00e3o do tempo de desfile de cada entidade. Um termo de compromisso<br \/>\nser\u00e1 assinado.<\/p>\n<p><\/p>\n<div class=\"separator\" style=\"clear: both; text-align: center;\">\n<a href=\"https:\/\/3.bp.blogspot.com\/--sHA1fM-8_k\/V6yuWXbcwEI\/AAAAAAAAEMQ\/2fDv3TyahIUct9hxOvMM4cwkHzQkhvodACLcB\/s1600\/desfile%2B2.jpg\" imageanchor=\"1\" style=\"margin-left: 1em; margin-right: 1em;\"><img loading=\"lazy\" decoding=\"async\" border=\"0\" height=\"300\" src=\"http:\/\/blogdoedvaldomagalhaes.com.br\/wp-content\/uploads\/2016\/08\/desfile2.jpg\" width=\"400\" \/><\/a><\/div>\n<div class=\"separator\" style=\"clear: both; text-align: center;\">\n<\/div>\n<\/div>\n<div style=\"text-align: justify;\">\n<\/div>\n<div style=\"text-align: justify;\">\nEm entrevista \u00e0 R\u00e1dio Liberdade, a secret\u00e1ria Gra\u00e7a Rosal explicou os motivos para a redu\u00e7\u00e3o do tempo. Clique <a href=\"http:\/\/liberdade.com.br\/player_noticias.php?id=33\">AQUI<\/a>&nbsp;e ou\u00e7a a reportagem de Edvaldo Magalh\u00e3es.<\/p>\n<p><\/p>\n<div class=\"separator\" style=\"clear: both; text-align: center;\">\n<a href=\"https:\/\/1.bp.blogspot.com\/-Aak4JSrW-TY\/V6yuhpJcGOI\/AAAAAAAAEMU\/KQjqqiEjV_wE06I4iGi6yD17wWIu4xN6ACLcB\/s1600\/desfile%2B4.jpg\" imageanchor=\"1\" style=\"margin-left: 1em; margin-right: 1em;\"><img loading=\"lazy\" decoding=\"async\" border=\"0\" height=\"300\" src=\"http:\/\/blogdoedvaldomagalhaes.com.br\/wp-content\/uploads\/2016\/08\/desfile4.jpg\" width=\"400\" \/><\/a><\/div>\n<\/div>\n","protected":false},"excerpt":{"rendered":"<p>Realizada nesta quinta-feira (11), em Caruaru, a primeira reuni\u00e3o geral para discutir o Desfile C\u00edvico de 7 de Setembro. As&hellip;<\/p>\n","protected":false},"author":1,"featured_media":0,"comment_status":"open","ping_status":"open","sticky":false,"template":"","format":"standard","meta":{"footnotes":""},"categories":[1],"tags":[2,12748,11014,6,12917],"class_list":["post-8660","post","type-post","status-publish","format-standard","hentry","category-sem-categoria","tag-blog-do-edvaldo-magalhaes","tag-colegio-professor-machadinho","tag-graca-rosal","tag-noticias","tag-saiba-como-sera-o-desfile-de-7-de-setembro-deste-ano-em-caruaru"],"_links":{"self":[{"href":"https:\/\/blogdoedvaldomagalhaes.com.br\/index.php\/wp-json\/wp\/v2\/posts\/8660","targetHints":{"allow":["GET"]}}],"collection":[{"href":"https:\/\/blogdoedvaldomagalhaes.com.br\/index.php\/wp-json\/wp\/v2\/posts"}],"about":[{"href":"https:\/\/blogdoedvaldomagalhaes.com.br\/index.php\/wp-json\/wp\/v2\/types\/post"}],"author":[{"embeddable":true,"href":"https:\/\/blogdoedvaldomagalhaes.com.br\/index.php\/wp-json\/wp\/v2\/users\/1"}],"replies":[{"embeddable":true,"href":"https:\/\/blogdoedvaldomagalhaes.com.br\/index.php\/wp-json\/wp\/v2\/comments?post=8660"}],"version-history":[{"count":1,"href":"https:\/\/blogdoedvaldomagalhaes.com.br\/index.php\/wp-json\/wp\/v2\/posts\/8660\/revisions"}],"predecessor-version":[{"id":11273,"href":"https:\/\/blogdoedvaldomagalhaes.com.br\/index.php\/wp-json\/wp\/v2\/posts\/8660\/revisions\/11273"}],"wp:attachment":[{"href":"https:\/\/blogdoedvaldomagalhaes.com.br\/index.php\/wp-json\/wp\/v2\/media?parent=8660"}],"wp:term":[{"taxonomy":"category","embeddable":true,"href":"https:\/\/blogdoedvaldomagalhaes.com.br\/index.php\/wp-json\/wp\/v2\/categories?post=8660"},{"taxonomy":"post_tag","embeddable":true,"href":"https:\/\/blogdoedvaldomagalhaes.com.br\/index.php\/wp-json\/wp\/v2\/tags?post=8660"}],"curies":[{"name":"wp","href":"https:\/\/api.w.org\/{rel}","templated":true}]}}