{"id":8654,"date":"2016-08-12T03:01:00","date_gmt":"2016-08-12T06:01:00","guid":{"rendered":"http:\/\/blogdoedvaldomagalhaes.com.br\/index.php\/2016\/08\/12\/caruaru-sedia-nesta-sexta-seminario\/"},"modified":"2019-02-09T00:54:41","modified_gmt":"2019-02-09T02:54:41","slug":"caruaru-sedia-nesta-sexta-seminario","status":"publish","type":"post","link":"https:\/\/blogdoedvaldomagalhaes.com.br\/index.php\/2016\/08\/12\/caruaru-sedia-nesta-sexta-seminario\/","title":{"rendered":"Caruaru sedia nesta sexta Semin\u00e1rio Integrado sobre Elei\u00e7\u00f5es"},"content":{"rendered":"<div class=\"separator\" style=\"clear: both; text-align: center;\">\n<a href=\"https:\/\/2.bp.blogspot.com\/-f9kklE7pWBM\/V60qpaO2cKI\/AAAAAAAAENw\/9ScB-7i3grsYW8gWHi_bUGjpq-XIPUpBwCLcB\/s1600\/semin%25C2%25B4%255Bario.jpeg\" imageanchor=\"1\" style=\"margin-left: 1em; margin-right: 1em;\"><img loading=\"lazy\" decoding=\"async\" border=\"0\" height=\"165\" src=\"http:\/\/blogdoedvaldomagalhaes.com.br\/wp-content\/uploads\/2016\/08\/seminC2B45Bario.jpeg\" width=\"400\" \/><\/a><\/div>\n<div class=\"separator\" style=\"clear: both; text-align: center;\">\n<\/div>\n<div style=\"background-color: white; border: 0px; line-height: 25.6px; margin-bottom: 1.5em; outline: 0px; padding: 0px; text-align: justify; vertical-align: baseline;\">\nO Instituto de Direito Eleitoral e P\u00fablico de Pernambuco (IDEPPE) realiza nesta sexta -feira (12) das 9h \u00e0s 18h, no audit\u00f3rio do Centro de Conven\u00e7\u00f5es do Senac,&nbsp;localizado na Av. Jos\u00e9 Xavier Santiago, n\u00ba 140, bairro Indian\u00f3polis, Caruaru \u2013 PE.&nbsp;em Caruaru, o I Semin\u00e1rio Integrado para as Elei\u00e7\u00f5es de 2016, com o tema \u201cO olhar do Tribunal de Contas do Estado e da Justi\u00e7a Eleitoral sobre a Inelegibilidade\u201d.<\/div>\n<div style=\"background-color: white; border: 0px; line-height: 25.6px; margin-bottom: 1.5em; outline: 0px; padding: 0px; text-align: justify; vertical-align: baseline;\">\nO Semin\u00e1rio \u00e9 feito de forma Integrada com o Tribunal de Contas do Estado de Pernambuco, com o Tribunal Regional Eleitoral de Pernambuco e com a Ordem dos Advogados do Brasil, Estadual e Seccional de Caruaru.<\/div>\n<div style=\"background-color: white; border: 0px; line-height: 25.6px; margin-bottom: 1.5em; outline: 0px; padding: 0px; text-align: justify; vertical-align: baseline;\">\nO Evento proporciona uma vasta intera\u00e7\u00e3o entre os membros e servidores do Tribunal de Contas do Estado, da Justi\u00e7a Eleitoral e dos Advogados a partir da vis\u00e3o de cada um sobre as diversas perspectivas do mesmo tema: inelegibilidade.&nbsp;Participam do evento Advogados, Ju\u00edzes Eleitorais, Servidores da Justi\u00e7a Eleitoral, Acad\u00eamicos e Assessores de Candidatos.<\/div>\n","protected":false},"excerpt":{"rendered":"<p>O Instituto de Direito Eleitoral e P\u00fablico de Pernambuco (IDEPPE) realiza nesta sexta -feira (12) das 9h \u00e0s 18h, no&hellip;<\/p>\n","protected":false},"author":1,"featured_media":0,"comment_status":"open","ping_status":"open","sticky":false,"template":"","format":"standard","meta":{"footnotes":""},"categories":[1],"tags":[2,12893,12907,6,8528,12908],"class_list":["post-8654","post","type-post","status-publish","format-standard","hentry","category-sem-categoria","tag-blog-do-edvaldo-magalhaes","tag-ideppe","tag-instituto-de-direito-eleitoral-e-publico-de-pernambuco","tag-noticias","tag-tribunal-de-contas-do-estado-de-pernambuco","tag-tribunal-regional-eleitoral-de-pernambuco"],"_links":{"self":[{"href":"https:\/\/blogdoedvaldomagalhaes.com.br\/index.php\/wp-json\/wp\/v2\/posts\/8654","targetHints":{"allow":["GET"]}}],"collection":[{"href":"https:\/\/blogdoedvaldomagalhaes.com.br\/index.php\/wp-json\/wp\/v2\/posts"}],"about":[{"href":"https:\/\/blogdoedvaldomagalhaes.com.br\/index.php\/wp-json\/wp\/v2\/types\/post"}],"author":[{"embeddable":true,"href":"https:\/\/blogdoedvaldomagalhaes.com.br\/index.php\/wp-json\/wp\/v2\/users\/1"}],"replies":[{"embeddable":true,"href":"https:\/\/blogdoedvaldomagalhaes.com.br\/index.php\/wp-json\/wp\/v2\/comments?post=8654"}],"version-history":[{"count":1,"href":"https:\/\/blogdoedvaldomagalhaes.com.br\/index.php\/wp-json\/wp\/v2\/posts\/8654\/revisions"}],"predecessor-version":[{"id":11291,"href":"https:\/\/blogdoedvaldomagalhaes.com.br\/index.php\/wp-json\/wp\/v2\/posts\/8654\/revisions\/11291"}],"wp:attachment":[{"href":"https:\/\/blogdoedvaldomagalhaes.com.br\/index.php\/wp-json\/wp\/v2\/media?parent=8654"}],"wp:term":[{"taxonomy":"category","embeddable":true,"href":"https:\/\/blogdoedvaldomagalhaes.com.br\/index.php\/wp-json\/wp\/v2\/categories?post=8654"},{"taxonomy":"post_tag","embeddable":true,"href":"https:\/\/blogdoedvaldomagalhaes.com.br\/index.php\/wp-json\/wp\/v2\/tags?post=8654"}],"curies":[{"name":"wp","href":"https:\/\/api.w.org\/{rel}","templated":true}]}}