{"id":8652,"date":"2016-08-12T09:59:00","date_gmt":"2016-08-12T12:59:00","guid":{"rendered":"http:\/\/blogdoedvaldomagalhaes.com.br\/index.php\/2016\/08\/12\/mutirao-analisa-mais-de-700-processos\/"},"modified":"2019-02-09T00:54:42","modified_gmt":"2019-02-09T02:54:42","slug":"mutirao-analisa-mais-de-700-processos","status":"publish","type":"post","link":"https:\/\/blogdoedvaldomagalhaes.com.br\/index.php\/2016\/08\/12\/mutirao-analisa-mais-de-700-processos\/","title":{"rendered":"Mutir\u00e3o analisa mais de 700 processos na Penitenci\u00e1ria de Caruaru"},"content":{"rendered":"<div class=\"separator\" style=\"clear: both; text-align: center;\">\n<a href=\"https:\/\/4.bp.blogspot.com\/-IolwkORfERk\/V62ddcl-GDI\/AAAAAAAAEOg\/XDaGHd_IW0su6TR5bf0AKn5H3Od3y5mcgCLcB\/s1600\/penitenciaria.jpg\" imageanchor=\"1\" style=\"margin-left: 1em; margin-right: 1em;\"><img loading=\"lazy\" decoding=\"async\" border=\"0\" height=\"300\" src=\"http:\/\/blogdoedvaldomagalhaes.com.br\/wp-content\/uploads\/2016\/08\/penitenciaria.jpg\" width=\"400\" \/><\/a><\/div>\n<div style=\"color: #333333; font-family: &quot;Open Sans&quot;, sans-serif; font-size: 15px; list-style: none; text-align: justify;\">\n<\/div>\n<div style=\"color: #333333; list-style: none; text-align: justify;\">\nO mutir\u00e3o realizado pela Defensoria P\u00fablica na Penitenci\u00e1ria Juiz Pl\u00e1cido de Souza, em Caruaru, analisou 703 processos. A a\u00e7\u00e3o, que contou com a participa\u00e7\u00e3o de 9 defensores, foi iniciada no dia 1\u00ba de agosto terminou nesta quinta-feira (11).<\/div>\n<div style=\"color: #333333; list-style: none; text-align: justify;\">\n<\/div>\n<div style=\"color: #333333; list-style: none; text-align: justify;\">\nOs processos geraram 211 pedidos ao judici\u00e1rio de habeas corpus e relaxamento de pris\u00f5es, dentre outras solicita\u00e7\u00f5es. Duas rebeli\u00f5es, nos dias 23 e 25 de julho, deixaram seis detentos mortos e 21 feridos.<\/div>\n<div style=\"color: #333333; list-style: none; text-align: justify;\">\n<\/div>\n<div style=\"color: #333333; list-style: none; text-align: justify;\">\nA Penitenci\u00e1ria de Caruaru continua com superlota\u00e7\u00e3o. Atualmente, a unidade se encontra com 1.700 presos quando a capacidade \u00e9 para 380 detentos. Quando as duas rebeli\u00f5es estouraram, existiam quase 2 mil presos.<\/div>\n<div style=\"color: #333333; list-style: none; text-align: justify;\">\n<\/div>\n<div style=\"color: #333333; list-style: none; text-align: justify;\">\nInforma\u00e7\u00f5es da R\u00e1dio Liberdade<\/div>\n<div style=\"color: #333333; font-family: &quot;Open Sans&quot;, sans-serif; font-size: 15px; list-style: none; text-align: justify;\">\n<\/div>\n<div class=\"separator\" style=\"clear: both; text-align: center;\">\n<a href=\"https:\/\/2.bp.blogspot.com\/-6nqmyctasYw\/V62dnxTTcsI\/AAAAAAAAEOk\/TkZRZ5qmmBQLvlzALtznYQ5w7TD28QujgCLcB\/s1600\/peni.jpg\" imageanchor=\"1\" style=\"margin-left: 1em; margin-right: 1em;\"><img loading=\"lazy\" decoding=\"async\" border=\"0\" height=\"221\" src=\"http:\/\/blogdoedvaldomagalhaes.com.br\/wp-content\/uploads\/2016\/08\/peni.jpg\" width=\"400\" \/><\/a><\/div>\n","protected":false},"excerpt":{"rendered":"<p>O mutir\u00e3o realizado pela Defensoria P\u00fablica na Penitenci\u00e1ria Juiz Pl\u00e1cido de Souza, em Caruaru, analisou 703 processos. A a\u00e7\u00e3o, que&hellip;<\/p>\n","protected":false},"author":1,"featured_media":0,"comment_status":"open","ping_status":"open","sticky":false,"template":"","format":"standard","meta":{"footnotes":""},"categories":[1],"tags":[2,12902,12903,3396,13],"class_list":["post-8652","post","type-post","status-publish","format-standard","hentry","category-sem-categoria","tag-blog-do-edvaldo-magalhaes","tag-defensoria-publica","tag-mutirao-analisa-mais-de-700-processos-na-penitenciaria-de-caruaru","tag-penitenciaria-juiz-placido-de-souza","tag-policial"],"_links":{"self":[{"href":"https:\/\/blogdoedvaldomagalhaes.com.br\/index.php\/wp-json\/wp\/v2\/posts\/8652","targetHints":{"allow":["GET"]}}],"collection":[{"href":"https:\/\/blogdoedvaldomagalhaes.com.br\/index.php\/wp-json\/wp\/v2\/posts"}],"about":[{"href":"https:\/\/blogdoedvaldomagalhaes.com.br\/index.php\/wp-json\/wp\/v2\/types\/post"}],"author":[{"embeddable":true,"href":"https:\/\/blogdoedvaldomagalhaes.com.br\/index.php\/wp-json\/wp\/v2\/users\/1"}],"replies":[{"embeddable":true,"href":"https:\/\/blogdoedvaldomagalhaes.com.br\/index.php\/wp-json\/wp\/v2\/comments?post=8652"}],"version-history":[{"count":1,"href":"https:\/\/blogdoedvaldomagalhaes.com.br\/index.php\/wp-json\/wp\/v2\/posts\/8652\/revisions"}],"predecessor-version":[{"id":11296,"href":"https:\/\/blogdoedvaldomagalhaes.com.br\/index.php\/wp-json\/wp\/v2\/posts\/8652\/revisions\/11296"}],"wp:attachment":[{"href":"https:\/\/blogdoedvaldomagalhaes.com.br\/index.php\/wp-json\/wp\/v2\/media?parent=8652"}],"wp:term":[{"taxonomy":"category","embeddable":true,"href":"https:\/\/blogdoedvaldomagalhaes.com.br\/index.php\/wp-json\/wp\/v2\/categories?post=8652"},{"taxonomy":"post_tag","embeddable":true,"href":"https:\/\/blogdoedvaldomagalhaes.com.br\/index.php\/wp-json\/wp\/v2\/tags?post=8652"}],"curies":[{"name":"wp","href":"https:\/\/api.w.org\/{rel}","templated":true}]}}