{"id":8649,"date":"2016-08-12T13:06:00","date_gmt":"2016-08-12T16:06:00","guid":{"rendered":"http:\/\/blogdoedvaldomagalhaes.com.br\/index.php\/2016\/08\/12\/em-caruaru-reunioes-da-camara-serao\/"},"modified":"2019-02-09T00:54:43","modified_gmt":"2019-02-09T02:54:43","slug":"em-caruaru-reunioes-da-camara-serao","status":"publish","type":"post","link":"https:\/\/blogdoedvaldomagalhaes.com.br\/index.php\/2016\/08\/12\/em-caruaru-reunioes-da-camara-serao\/","title":{"rendered":"Reuni\u00f5es da C\u00e2mara de Caruaru ser\u00e3o pela manh\u00e3 no per\u00edodo eleitoral"},"content":{"rendered":"<div style=\"text-align: justify;\">\n<\/p>\n<div class=\"separator\" style=\"clear: both; text-align: center;\">\n<a href=\"https:\/\/2.bp.blogspot.com\/-O5uHHuaCr2U\/V63JscqB8kI\/AAAAAAAAEPE\/O9D55M74jyA15EDsPFJPGHrJ5xuCIZt-gCLcB\/s1600\/c%25C3%25A2mara.jpg\" imageanchor=\"1\" style=\"margin-left: 1em; margin-right: 1em;\"><img loading=\"lazy\" decoding=\"async\" border=\"0\" height=\"192\" src=\"http:\/\/blogdoedvaldomagalhaes.com.br\/wp-content\/uploads\/2016\/08\/cC3A2mara.jpg\" width=\"400\" \/><\/a><\/div>\n<div class=\"separator\" style=\"clear: both; text-align: center;\">\n<\/div>\n<\/div>\n<div style=\"text-align: justify;\">\nAs reuni\u00f5es ordin\u00e1rias da C\u00e2mara<br \/>\nMunicipal de Caruaru ser\u00e3o realizadas pela manh\u00e3 a partir da pr\u00f3xima<br \/>\nsemana. Os dias permanecer\u00e3o os mesmos, nas ter\u00e7as e quintas, a partir<br \/>\ndas 9h.<\/div>\n<div style=\"text-align: justify;\">\n<\/div>\n<div style=\"text-align: justify;\">\nA mudan\u00e7a foi anunciada pelo presidente<br \/>\nda Casa, Leonardo Chaves, durante a sess\u00e3o da noite desta quinta-feira<br \/>\n(11). Em entrevista \u00e0 R\u00e1dio Liberdade, ele explicou que os vereadores<br \/>\nprecisam fazer visitas \u00e0 noite durante o per\u00edodo eleitoral.<\/div>\n<div style=\"text-align: justify;\">\n<\/div>\n<div style=\"text-align: justify;\">\nClique <a href=\"http:\/\/eleicoes.liberdade.com.br\/blog_ver.php?id=14\">AQUI<\/a>&nbsp;e ou\u00e7a a reportagem de Edvaldo Magalh\u00e3es.<\/div>\n","protected":false},"excerpt":{"rendered":"<p>As reuni\u00f5es ordin\u00e1rias da C\u00e2mara Municipal de Caruaru ser\u00e3o realizadas pela manh\u00e3 a partir da pr\u00f3xima semana. Os dias permanecer\u00e3o&hellip;<\/p>\n","protected":false},"author":1,"featured_media":0,"comment_status":"open","ping_status":"open","sticky":false,"template":"","format":"standard","meta":{"footnotes":""},"categories":[1],"tags":[2,4648,3634,20,7335,12896],"class_list":["post-8649","post","type-post","status-publish","format-standard","hentry","category-sem-categoria","tag-blog-do-edvaldo-magalhaes","tag-leonardo-chaves","tag-pdt","tag-politica","tag-radio-liberdade","tag-reunioes-da-camara-de-caruaru-serao-pela-manha-no-periodo-eleitoral"],"_links":{"self":[{"href":"https:\/\/blogdoedvaldomagalhaes.com.br\/index.php\/wp-json\/wp\/v2\/posts\/8649","targetHints":{"allow":["GET"]}}],"collection":[{"href":"https:\/\/blogdoedvaldomagalhaes.com.br\/index.php\/wp-json\/wp\/v2\/posts"}],"about":[{"href":"https:\/\/blogdoedvaldomagalhaes.com.br\/index.php\/wp-json\/wp\/v2\/types\/post"}],"author":[{"embeddable":true,"href":"https:\/\/blogdoedvaldomagalhaes.com.br\/index.php\/wp-json\/wp\/v2\/users\/1"}],"replies":[{"embeddable":true,"href":"https:\/\/blogdoedvaldomagalhaes.com.br\/index.php\/wp-json\/wp\/v2\/comments?post=8649"}],"version-history":[{"count":1,"href":"https:\/\/blogdoedvaldomagalhaes.com.br\/index.php\/wp-json\/wp\/v2\/posts\/8649\/revisions"}],"predecessor-version":[{"id":11302,"href":"https:\/\/blogdoedvaldomagalhaes.com.br\/index.php\/wp-json\/wp\/v2\/posts\/8649\/revisions\/11302"}],"wp:attachment":[{"href":"https:\/\/blogdoedvaldomagalhaes.com.br\/index.php\/wp-json\/wp\/v2\/media?parent=8649"}],"wp:term":[{"taxonomy":"category","embeddable":true,"href":"https:\/\/blogdoedvaldomagalhaes.com.br\/index.php\/wp-json\/wp\/v2\/categories?post=8649"},{"taxonomy":"post_tag","embeddable":true,"href":"https:\/\/blogdoedvaldomagalhaes.com.br\/index.php\/wp-json\/wp\/v2\/tags?post=8649"}],"curies":[{"name":"wp","href":"https:\/\/api.w.org\/{rel}","templated":true}]}}