{"id":8648,"date":"2016-08-12T14:30:00","date_gmt":"2016-08-12T17:30:00","guid":{"rendered":"http:\/\/blogdoedvaldomagalhaes.com.br\/index.php\/2016\/08\/12\/caruaru-sedia-nesta-sexta-feira\/"},"modified":"2019-02-09T00:54:43","modified_gmt":"2019-02-09T02:54:43","slug":"caruaru-sedia-nesta-sexta-feira","status":"publish","type":"post","link":"https:\/\/blogdoedvaldomagalhaes.com.br\/index.php\/2016\/08\/12\/caruaru-sedia-nesta-sexta-feira\/","title":{"rendered":"Ministro do TSE e presidente do TRE est\u00e3o em Caruaru"},"content":{"rendered":"<div class=\"separator\" style=\"clear: both; text-align: center;\">\n<a href=\"https:\/\/4.bp.blogspot.com\/-1G-02Q13-ic\/V63dYit5JlI\/AAAAAAAAEPY\/P3THUtoV0y4T4219qE3sa2fg9IWv5JemACLcB\/s1600\/ELEI%25C3%2587%25C3%2595ES.jpg\" imageanchor=\"1\" style=\"margin-left: 1em; margin-right: 1em;\"><img loading=\"lazy\" decoding=\"async\" border=\"0\" height=\"233\" src=\"http:\/\/blogdoedvaldomagalhaes.com.br\/wp-content\/uploads\/2016\/08\/ELEIC387C395ES.jpg\" width=\"400\" \/><\/a><\/div>\n<div style=\"text-align: center;\">\n(Foto: Izaias Rodrigues)<\/div>\n<p><\/p>\n<div style=\"text-align: justify;\">\nA cidade de Caruaru, Agreste<br \/>\npernambucano, est\u00e1 sediando nesta sexta-feira (12), o Semin\u00e1rio \u201cElei\u00e7\u00f5es 2016 \u2013<br \/>\n O Olha do Tribunal de Contas do Estado e da Justi\u00e7a\u201d. O evento, que<br \/>\ncome\u00e7ou \u00e0s 8h se estende at\u00e9 \u00e0s 18h, no Centro de Conven\u00e7\u00f5es do Senac,<br \/>\n \u00e9 realizado pelo Instituto de Direito Eleitoral e P\u00fablico de Pernambuco<br \/>\n (IDEPPE).<\/div>\n<div style=\"text-align: justify;\">\n<\/div>\n<div style=\"text-align: justify;\">\n<br \/>\nEntre os palestrantes, o presidente do Tribunal<br \/>\nRegional Eleitoral (TRE), desembargador Ant\u00f4nio Carlos Alves da Silva, o ministro do TSE, Henrique Neves, e o procurador geral do Minist\u00e9rio<br \/>\nP\u00fablico de Contas de Pernambuco, Cristiano Pimentel.<\/div>\n","protected":false},"excerpt":{"rendered":"<p>(Foto: Izaias Rodrigues) A cidade de Caruaru, Agreste pernambucano, est\u00e1 sediando nesta sexta-feira (12), o Semin\u00e1rio \u201cElei\u00e7\u00f5es 2016 \u2013 O&hellip;<\/p>\n","protected":false},"author":1,"featured_media":0,"comment_status":"open","ping_status":"open","sticky":false,"template":"","format":"standard","meta":{"footnotes":""},"categories":[1],"tags":[2,6564,12891,12892,12893,12894,20,12895,10954],"class_list":["post-8648","post","type-post","status-publish","format-standard","hentry","category-sem-categoria","tag-blog-do-edvaldo-magalhaes","tag-centro-de-convencoes-do-senac","tag-cristiano-pimentel","tag-henrique-neves","tag-ideppe","tag-ministro-do-tse","tag-politica","tag-procurador-geral-do-ministerio-publico-de-contas-de-pernambuco","tag-tre"],"_links":{"self":[{"href":"https:\/\/blogdoedvaldomagalhaes.com.br\/index.php\/wp-json\/wp\/v2\/posts\/8648","targetHints":{"allow":["GET"]}}],"collection":[{"href":"https:\/\/blogdoedvaldomagalhaes.com.br\/index.php\/wp-json\/wp\/v2\/posts"}],"about":[{"href":"https:\/\/blogdoedvaldomagalhaes.com.br\/index.php\/wp-json\/wp\/v2\/types\/post"}],"author":[{"embeddable":true,"href":"https:\/\/blogdoedvaldomagalhaes.com.br\/index.php\/wp-json\/wp\/v2\/users\/1"}],"replies":[{"embeddable":true,"href":"https:\/\/blogdoedvaldomagalhaes.com.br\/index.php\/wp-json\/wp\/v2\/comments?post=8648"}],"version-history":[{"count":1,"href":"https:\/\/blogdoedvaldomagalhaes.com.br\/index.php\/wp-json\/wp\/v2\/posts\/8648\/revisions"}],"predecessor-version":[{"id":11304,"href":"https:\/\/blogdoedvaldomagalhaes.com.br\/index.php\/wp-json\/wp\/v2\/posts\/8648\/revisions\/11304"}],"wp:attachment":[{"href":"https:\/\/blogdoedvaldomagalhaes.com.br\/index.php\/wp-json\/wp\/v2\/media?parent=8648"}],"wp:term":[{"taxonomy":"category","embeddable":true,"href":"https:\/\/blogdoedvaldomagalhaes.com.br\/index.php\/wp-json\/wp\/v2\/categories?post=8648"},{"taxonomy":"post_tag","embeddable":true,"href":"https:\/\/blogdoedvaldomagalhaes.com.br\/index.php\/wp-json\/wp\/v2\/tags?post=8648"}],"curies":[{"name":"wp","href":"https:\/\/api.w.org\/{rel}","templated":true}]}}