{"id":86450,"date":"2022-08-17T21:39:21","date_gmt":"2022-08-18T00:39:21","guid":{"rendered":"https:\/\/blogdoedvaldomagalhaes.com.br\/?p=86450"},"modified":"2022-08-17T21:39:23","modified_gmt":"2022-08-18T00:39:23","slug":"lessa-promove-direitos-da-crianca-e-do-adolescente-em-pocao","status":"publish","type":"post","link":"https:\/\/blogdoedvaldomagalhaes.com.br\/index.php\/2022\/08\/17\/lessa-promove-direitos-da-crianca-e-do-adolescente-em-pocao\/","title":{"rendered":"Lessa promove direitos da crian\u00e7a e do adolescente em Po\u00e7\u00e3o"},"content":{"rendered":"<p style=\"text-align: justify;\"><span style=\"font-size: inherit;\">O deputado estadual Delegado Lessa esteve em Po\u00e7\u00e3o na quarta-feira (17), cumprindo uma intensa agenda de atividades voltadas \u00e0 promo\u00e7\u00e3o dos direitos da crian\u00e7a e do adolescente, que \u00e9 uma das principais bandeiras do seu mandato. Lessa visitou a sede do Conselho Tutelar, onde conversou com os profissionais acerca dos tr\u00e2mites referentes ao piso nacional salarial da categoria e tamb\u00e9m dialogou sobre os desafios desses servidores.<\/span><\/p>\n<p style=\"text-align: justify;\">Acompanhado do secret\u00e1rio do Conselho Municipal dos Direitos da Crian\u00e7a e do Adolescente de Po\u00e7\u00e3o, Lindemberg N\u00f3brega, e de outras lideran\u00e7as daquele munic\u00edpio, Lessa tamb\u00e9m se reuniu com profissionais de seguran\u00e7a p\u00fablica e da \u00e1rea de educa\u00e7\u00e3o. O legislador ainda prestou contas sobre as a\u00e7\u00f5es parlamentares e detalhou a destina\u00e7\u00e3o de recursos para a regi\u00e3o.<\/p>\n<p style=\"text-align: justify;\">Foto: Viliane Gomes<\/p>\n","protected":false},"excerpt":{"rendered":"<p>O deputado estadual Delegado Lessa esteve em Po\u00e7\u00e3o na quarta-feira (17), cumprindo uma intensa agenda de atividades voltadas \u00e0 promo\u00e7\u00e3o&hellip;<\/p>\n","protected":false},"author":1,"featured_media":86451,"comment_status":"open","ping_status":"open","sticky":false,"template":"","format":"standard","meta":{"footnotes":""},"categories":[14122],"tags":[2,19532,3406,25338,20],"class_list":["post-86450","post","type-post","status-publish","format-standard","has-post-thumbnail","hentry","category-politica","tag-blog-do-edvaldo-magalhaes","tag-blog-mais-acessado-e-visualizado-de-caruaru-e-regiao","tag-caruaru","tag-lessa-promove-direitos-da-crianca-e-do-adolescente-em-pocao","tag-politica"],"_links":{"self":[{"href":"https:\/\/blogdoedvaldomagalhaes.com.br\/index.php\/wp-json\/wp\/v2\/posts\/86450","targetHints":{"allow":["GET"]}}],"collection":[{"href":"https:\/\/blogdoedvaldomagalhaes.com.br\/index.php\/wp-json\/wp\/v2\/posts"}],"about":[{"href":"https:\/\/blogdoedvaldomagalhaes.com.br\/index.php\/wp-json\/wp\/v2\/types\/post"}],"author":[{"embeddable":true,"href":"https:\/\/blogdoedvaldomagalhaes.com.br\/index.php\/wp-json\/wp\/v2\/users\/1"}],"replies":[{"embeddable":true,"href":"https:\/\/blogdoedvaldomagalhaes.com.br\/index.php\/wp-json\/wp\/v2\/comments?post=86450"}],"version-history":[{"count":1,"href":"https:\/\/blogdoedvaldomagalhaes.com.br\/index.php\/wp-json\/wp\/v2\/posts\/86450\/revisions"}],"predecessor-version":[{"id":86452,"href":"https:\/\/blogdoedvaldomagalhaes.com.br\/index.php\/wp-json\/wp\/v2\/posts\/86450\/revisions\/86452"}],"wp:featuredmedia":[{"embeddable":true,"href":"https:\/\/blogdoedvaldomagalhaes.com.br\/index.php\/wp-json\/wp\/v2\/media\/86451"}],"wp:attachment":[{"href":"https:\/\/blogdoedvaldomagalhaes.com.br\/index.php\/wp-json\/wp\/v2\/media?parent=86450"}],"wp:term":[{"taxonomy":"category","embeddable":true,"href":"https:\/\/blogdoedvaldomagalhaes.com.br\/index.php\/wp-json\/wp\/v2\/categories?post=86450"},{"taxonomy":"post_tag","embeddable":true,"href":"https:\/\/blogdoedvaldomagalhaes.com.br\/index.php\/wp-json\/wp\/v2\/tags?post=86450"}],"curies":[{"name":"wp","href":"https:\/\/api.w.org\/{rel}","templated":true}]}}