{"id":86433,"date":"2022-08-17T19:22:33","date_gmt":"2022-08-17T22:22:33","guid":{"rendered":"https:\/\/blogdoedvaldomagalhaes.com.br\/?p=86433"},"modified":"2022-08-17T19:24:56","modified_gmt":"2022-08-17T22:24:56","slug":"oab-caruaru-emite-nota-de-pesar-pelo-falecimento-do-advogado-otavio-ramon-ocorrido-nesta-quarta-feira","status":"publish","type":"post","link":"https:\/\/blogdoedvaldomagalhaes.com.br\/index.php\/2022\/08\/17\/oab-caruaru-emite-nota-de-pesar-pelo-falecimento-do-advogado-otavio-ramon-ocorrido-nesta-quarta-feira\/","title":{"rendered":"OAB Caruaru emite nota de pesar pelo falecimento do advogado Ot\u00e1vio Ramon, ocorrido nesta quarta-feira"},"content":{"rendered":"<p style=\"text-align: justify;\"><span style=\"font-size: inherit;\">O\u00a0 advogado Ot\u00e1vio Ramon de Siqueira Barbosa, de 32 anos, que morava no bairro Boa Vista 1, pulou do 10\u00b0 andar de um pr\u00e9dio, no bairro Maur\u00edcio de Nassau, no in\u00edcio da tarde desta quarta-feira (17). De acordo com informa\u00e7\u00f5es, Ot\u00e1vio subiu pelo elevador, foi at\u00e9 a janela, tirou uma tesoura de dentro da bolsa, cortou a rede de prote\u00e7\u00e3o e se jogou pela janela. Ele deixou uma carta se despedindo dos familiares.\u00a0 Bombeiros civis prestaram os primeiros socorros, acionaram o Samu que constatou o \u00f3bito.<\/span><\/p>\n<p style=\"text-align: justify;\">A Pol\u00edcia Militar isolou o local. A equipe da delegacia de plant\u00e3o acompanhou a per\u00edcia que foi realizada pelo Instituto de Criminal\u00edstica &#8211; IC e em seguida o corpo foi encaminhado para o IML de Caruaru.<\/p>\n\n\n<figure class=\"wp-block-image size-large\"><img loading=\"lazy\" decoding=\"async\" width=\"1024\" height=\"1024\" src=\"https:\/\/blogdoedvaldomagalhaes.com.br\/wp-content\/uploads\/2022\/08\/IMG-20220817-WA0252-1024x1024.jpg\" alt=\"\" class=\"wp-image-86434\" srcset=\"https:\/\/blogdoedvaldomagalhaes.com.br\/wp-content\/uploads\/2022\/08\/IMG-20220817-WA0252-1024x1024.jpg 1024w, https:\/\/blogdoedvaldomagalhaes.com.br\/wp-content\/uploads\/2022\/08\/IMG-20220817-WA0252-300x300.jpg 300w, https:\/\/blogdoedvaldomagalhaes.com.br\/wp-content\/uploads\/2022\/08\/IMG-20220817-WA0252-150x150.jpg 150w, https:\/\/blogdoedvaldomagalhaes.com.br\/wp-content\/uploads\/2022\/08\/IMG-20220817-WA0252-768x768.jpg 768w, https:\/\/blogdoedvaldomagalhaes.com.br\/wp-content\/uploads\/2022\/08\/IMG-20220817-WA0252.jpg 1080w\" sizes=\"auto, (max-width: 1024px) 100vw, 1024px\" \/><\/figure>\n\n\n<p style=\"text-align: justify;\"><span style=\"font-size: inherit;\">A OAB Caruaru emite nota de pesar pelo falecimento do advogado Ot\u00e1vio Ramon, ocorrido lamentavelmente nesta quarta-feira.<\/span><\/p>\n<p style=\"text-align: justify;\"><strong>Nota de pesar e luto oficial tr\u00eas dias<\/strong><\/p>\n<p style=\"text-align: justify;\">\u00c9 com profundo pesar que a Ordem dos Advogados do Brasil &#8211; Subse\u00e7\u00e3o Caruaru recebeu a not\u00edcia do falecimento do advogado Ot\u00e1vio Ramon de Siqueira Barbosa, ocorrido nesta quarta-feira (17), em Caruaru.<\/p>\n<p style=\"text-align: justify;\">A institui\u00e7\u00e3o declarou luto oficial de tr\u00eas dias e nesse momento de dor se solidariza com familiares e amigos e expressa as mais sinceras condol\u00eancias pela perda.<\/p>","protected":false},"excerpt":{"rendered":"<p>O\u00a0 advogado Ot\u00e1vio Ramon de Siqueira Barbosa, de 32 anos, que morava no bairro Boa Vista 1, pulou do 10\u00b0&hellip;<\/p>\n","protected":false},"author":1,"featured_media":86435,"comment_status":"open","ping_status":"open","sticky":false,"template":"","format":"standard","meta":{"footnotes":""},"categories":[14120],"tags":[2,19532,3406,25336],"class_list":["post-86433","post","type-post","status-publish","format-standard","has-post-thumbnail","hentry","category-noticias","tag-blog-do-edvaldo-magalhaes","tag-blog-mais-acessado-e-visualizado-de-caruaru-e-regiao","tag-caruaru","tag-oab-caruaru-emite-nota-de-pesar-pelo-falecimento-do-advogado-otavio-ramon-ocorrido-nesta-quarta-feira"],"_links":{"self":[{"href":"https:\/\/blogdoedvaldomagalhaes.com.br\/index.php\/wp-json\/wp\/v2\/posts\/86433","targetHints":{"allow":["GET"]}}],"collection":[{"href":"https:\/\/blogdoedvaldomagalhaes.com.br\/index.php\/wp-json\/wp\/v2\/posts"}],"about":[{"href":"https:\/\/blogdoedvaldomagalhaes.com.br\/index.php\/wp-json\/wp\/v2\/types\/post"}],"author":[{"embeddable":true,"href":"https:\/\/blogdoedvaldomagalhaes.com.br\/index.php\/wp-json\/wp\/v2\/users\/1"}],"replies":[{"embeddable":true,"href":"https:\/\/blogdoedvaldomagalhaes.com.br\/index.php\/wp-json\/wp\/v2\/comments?post=86433"}],"version-history":[{"count":2,"href":"https:\/\/blogdoedvaldomagalhaes.com.br\/index.php\/wp-json\/wp\/v2\/posts\/86433\/revisions"}],"predecessor-version":[{"id":86437,"href":"https:\/\/blogdoedvaldomagalhaes.com.br\/index.php\/wp-json\/wp\/v2\/posts\/86433\/revisions\/86437"}],"wp:featuredmedia":[{"embeddable":true,"href":"https:\/\/blogdoedvaldomagalhaes.com.br\/index.php\/wp-json\/wp\/v2\/media\/86435"}],"wp:attachment":[{"href":"https:\/\/blogdoedvaldomagalhaes.com.br\/index.php\/wp-json\/wp\/v2\/media?parent=86433"}],"wp:term":[{"taxonomy":"category","embeddable":true,"href":"https:\/\/blogdoedvaldomagalhaes.com.br\/index.php\/wp-json\/wp\/v2\/categories?post=86433"},{"taxonomy":"post_tag","embeddable":true,"href":"https:\/\/blogdoedvaldomagalhaes.com.br\/index.php\/wp-json\/wp\/v2\/tags?post=86433"}],"curies":[{"name":"wp","href":"https:\/\/api.w.org\/{rel}","templated":true}]}}