{"id":86430,"date":"2022-08-17T18:24:20","date_gmt":"2022-08-17T21:24:20","guid":{"rendered":"https:\/\/blogdoedvaldomagalhaes.com.br\/?p=86430"},"modified":"2022-08-17T18:24:22","modified_gmt":"2022-08-17T21:24:22","slug":"inscricoes-abertas-para-o-3-encontro-de-contabilidade-do-agreste-de-pernambuco","status":"publish","type":"post","link":"https:\/\/blogdoedvaldomagalhaes.com.br\/index.php\/2022\/08\/17\/inscricoes-abertas-para-o-3-encontro-de-contabilidade-do-agreste-de-pernambuco\/","title":{"rendered":"Inscri\u00e7\u00f5es abertas para o 3\u00b0 Encontro de Contabilidade do Agreste de Pernambuco"},"content":{"rendered":"<p style=\"text-align: justify;\"><span style=\"font-size: inherit;\">A Associa\u00e7\u00e3o dos Contabilistas de Caruaru e Agreste de Pernambuco (Accape) promover\u00e1 no dia 30 de setembro a terceira edi\u00e7\u00e3o do Encontro de Contabilidade do Agreste de Pernambuco (Enconape). O evento ocorrer\u00e1 no Shopping Difusora, das 14h \u00e0s 22h, com o tema central \u201cO mercado cont\u00e1bil na era digital\u201d.<\/span><\/p>\n<p style=\"text-align: justify;\">O Enconape \u00e9 realizado a cada dois anos pela Accape com o objetivo de promover momentos de reflex\u00e3o junto \u00e0 categoria, oportunizando debates sobre os desafios da contabilidade na regi\u00e3o, bem como de levantar recursos para a constru\u00e7\u00e3o da sede pr\u00f3pria da entidade. A expectativa \u00e9 reunir mais de 250 participantes, entre estudantes e profissionais da contabilidade.<\/p>\n<p style=\"text-align: justify;\">A programa\u00e7\u00e3o contar\u00e1 com palestras no Teatro Difusora e uma feira de produtos e servi\u00e7os na \u00e1rea cont\u00e1bil que ser\u00e1 montada na arena de eventos ao lado do teatro, trazendo o que h\u00e1 de mais novo na contabilidade e servindo como espa\u00e7o ideal para o network entre a categoria.<\/p>\n<p style=\"text-align: justify;\">O primeiro lote de inscri\u00e7\u00f5es est\u00e1 aberto e segue at\u00e9 o dia 31 de agosto atrav\u00e9s do link https:\/\/bit.ly\/3vPUpC9, \u00a0pelo valor de R$ 60 para estudantes, R$ 120 para associados da Accape e R$ 150 para os demais interessados. Membros regulares da Associa\u00e7\u00e3o Santacruzense de Contabilistas (Ascont) tamb\u00e9m ter\u00e3o o mesmo desconto de associados Accape.<\/p>\n<p style=\"text-align: justify;\">Quatro palestrantes j\u00e1 est\u00e3o confirmados para o evento. A primeira delas \u00e9 a professora Aline Portela, consultora e mentora em carreiras na contabilidade, que vai falar sobre \u201cO novo Contador: pap\u00e9is, compet\u00eancias e oportunidades\u201d. Ela p\u00f3s-graduada em Psicologia Organizacional e Gest\u00e3o de Recursos Humanos; p\u00f3s-graduada em Gest\u00e3o de Pessoas, Lideran\u00e7a, Carreiras e Coaching (PUC-RS); e atua na \u00e1rea Cont\u00e1bil h\u00e1 11 anos, com expertise em gest\u00e3o de neg\u00f3cios cont\u00e1beis e carreiras, tendo treinado mais de 2.800 alunos em todo o Brasil.<\/p>\n<p style=\"text-align: justify;\">O outro palestrante \u00e9 Luciano Macario, que vai trabalhar o tema \u201cComo pensar digital de forma humanizada\u201d. Al\u00e9m de ser empres\u00e1rio na \u00e1rea de T.I como CEO no Escrit\u00f3rio Inteligente, conselheiro e mentor de empresas cont\u00e1beis, \u00e9 especialista em tecnologia ao fisco e contabilidade h\u00e1 mais de 17 anos. Como palestrante leva seu conhecimento para todo o pa\u00eds em tecnologia, intelig\u00eancia emocional e transforma\u00e7\u00e3o digital.<\/p>\n<p style=\"text-align: justify;\">A terceira palestra ser\u00e1 com o auditor tribut\u00e1rio Edgar Madruga, com o tema \u201cCriando produtos tribut\u00e1rios consultivos\u201d. Ele \u00e9 p\u00f3s-graduado em Inform\u00e1tica Pericial, especialista em SPED, Risco Fiscal, Compliance Tribut\u00e1rio e Inova\u00e7\u00e3o Fiscal com mais de 20 anos de experi\u00eancia pr\u00e1tica na tem\u00e1tica. \u00c9 coautor dos livros \u201cCompliance Tribut\u00e1rio\u201d, \u201cSPED e Sistemas de Informa\u00e7\u00e3o\u201d e \u201cContabilidade e Gest\u00e3o de Tributos\u201d.<\/p>\n<p style=\"text-align: justify;\">J\u00e1 o tema \u201cPor que usar IA em Contabilidade desde ontem?\u201d \u00e9 o tema que ser\u00e1 abordado pelo professor Fernando Buarque, PhD docente\/pesquisador do Programa de Doutorado em Engenharia de Computa\u00e7\u00e3o da POLI\/UPE. Ele tem doutorado em Intelig\u00eancia Artificial (IA) pela University of London (2002), diploma do Imperial College London-DIC, em Redes Neurais Artificiais (2002) e mestrado em Ci\u00eancia da Computa\u00e7\u00e3o pela Universidade Federal de Pernambuco (1998). Em 2021 foi indicado para o Board do Institute for intelligent Systems (IIS) da Universidade de Johannesburg e Chair do Task-Force LACCI do IEEE CIS. Em 2020 foi eleito membro permanente da Academia Pernambucana de Ci\u00eancias (APC).<\/p>\n","protected":false},"excerpt":{"rendered":"<p>A Associa\u00e7\u00e3o dos Contabilistas de Caruaru e Agreste de Pernambuco (Accape) promover\u00e1 no dia 30 de setembro a terceira edi\u00e7\u00e3o&hellip;<\/p>\n","protected":false},"author":1,"featured_media":86431,"comment_status":"open","ping_status":"open","sticky":false,"template":"","format":"standard","meta":{"footnotes":""},"categories":[14120],"tags":[2,19532,3406,25335],"class_list":["post-86430","post","type-post","status-publish","format-standard","has-post-thumbnail","hentry","category-noticias","tag-blog-do-edvaldo-magalhaes","tag-blog-mais-acessado-e-visualizado-de-caruaru-e-regiao","tag-caruaru","tag-inscricoes-abertas-para-o-3-encontro-de-contabilidade-do-agreste-de-pernambuco"],"_links":{"self":[{"href":"https:\/\/blogdoedvaldomagalhaes.com.br\/index.php\/wp-json\/wp\/v2\/posts\/86430","targetHints":{"allow":["GET"]}}],"collection":[{"href":"https:\/\/blogdoedvaldomagalhaes.com.br\/index.php\/wp-json\/wp\/v2\/posts"}],"about":[{"href":"https:\/\/blogdoedvaldomagalhaes.com.br\/index.php\/wp-json\/wp\/v2\/types\/post"}],"author":[{"embeddable":true,"href":"https:\/\/blogdoedvaldomagalhaes.com.br\/index.php\/wp-json\/wp\/v2\/users\/1"}],"replies":[{"embeddable":true,"href":"https:\/\/blogdoedvaldomagalhaes.com.br\/index.php\/wp-json\/wp\/v2\/comments?post=86430"}],"version-history":[{"count":1,"href":"https:\/\/blogdoedvaldomagalhaes.com.br\/index.php\/wp-json\/wp\/v2\/posts\/86430\/revisions"}],"predecessor-version":[{"id":86432,"href":"https:\/\/blogdoedvaldomagalhaes.com.br\/index.php\/wp-json\/wp\/v2\/posts\/86430\/revisions\/86432"}],"wp:featuredmedia":[{"embeddable":true,"href":"https:\/\/blogdoedvaldomagalhaes.com.br\/index.php\/wp-json\/wp\/v2\/media\/86431"}],"wp:attachment":[{"href":"https:\/\/blogdoedvaldomagalhaes.com.br\/index.php\/wp-json\/wp\/v2\/media?parent=86430"}],"wp:term":[{"taxonomy":"category","embeddable":true,"href":"https:\/\/blogdoedvaldomagalhaes.com.br\/index.php\/wp-json\/wp\/v2\/categories?post=86430"},{"taxonomy":"post_tag","embeddable":true,"href":"https:\/\/blogdoedvaldomagalhaes.com.br\/index.php\/wp-json\/wp\/v2\/tags?post=86430"}],"curies":[{"name":"wp","href":"https:\/\/api.w.org\/{rel}","templated":true}]}}