{"id":86308,"date":"2022-08-13T09:33:11","date_gmt":"2022-08-13T12:33:11","guid":{"rendered":"https:\/\/blogdoedvaldomagalhaes.com.br\/?p=86308"},"modified":"2022-08-13T23:23:19","modified_gmt":"2022-08-14T02:23:19","slug":"homicidio-e-duas-tentativas-de-assassinato-em-caruaru","status":"publish","type":"post","link":"https:\/\/blogdoedvaldomagalhaes.com.br\/index.php\/2022\/08\/13\/homicidio-e-duas-tentativas-de-assassinato-em-caruaru\/","title":{"rendered":"Homic\u00eddio e duas tentativas de assassinato em Caruaru"},"content":{"rendered":"<p style=\"text-align: justify;\">O fim de semana come\u00e7ou com o registro de um homic\u00eddio e duas tentativas de assassinato em Caruaru. Na Vila Cana\u00e3, no limite com Toritama, o ex-presidiario Eduardo de Lima Paix\u00e3o, 21 anos, que morava em Santa Cruz do Capibaribe, foi morto com v\u00e1rios tiros de pistola na cabe\u00e7a e no t\u00f3rax. O jovem havia sa\u00eddo da Penitenci\u00e1ria Juiz Pl\u00e1cido de Souza no dia anterior, onde cumpriu pena por tr\u00e1fico de drogas. O crime ser\u00e1 investigado ela Delegado de Toritama. O corpo foi encaminhado para o Instituto de Medicina Legal (IML), de Caruaru.<\/p>\n<p style=\"text-align: justify;\">No bairro Jo\u00e3o Mota, um rapaz foi baleado e socorro para o Hospital Regional do Agreste (HRA). No centro da cidade, um adolescente de 15 anos foi esfaqueado no bra\u00e7o por um menor de 14 anos.<\/p>\n","protected":false},"excerpt":{"rendered":"<p>O fim de semana come\u00e7ou com o registro de um homic\u00eddio e duas tentativas de assassinato em Caruaru. Na Vila&hellip;<\/p>\n","protected":false},"author":1,"featured_media":86309,"comment_status":"open","ping_status":"open","sticky":false,"template":"","format":"standard","meta":{"footnotes":""},"categories":[14121],"tags":[2,19532,3406,25302],"class_list":["post-86308","post","type-post","status-publish","format-standard","has-post-thumbnail","hentry","category-policial","tag-blog-do-edvaldo-magalhaes","tag-blog-mais-acessado-e-visualizado-de-caruaru-e-regiao","tag-caruaru","tag-homicidio-e-duas-tentativas-de-assassinato-em-caruaru"],"_links":{"self":[{"href":"https:\/\/blogdoedvaldomagalhaes.com.br\/index.php\/wp-json\/wp\/v2\/posts\/86308","targetHints":{"allow":["GET"]}}],"collection":[{"href":"https:\/\/blogdoedvaldomagalhaes.com.br\/index.php\/wp-json\/wp\/v2\/posts"}],"about":[{"href":"https:\/\/blogdoedvaldomagalhaes.com.br\/index.php\/wp-json\/wp\/v2\/types\/post"}],"author":[{"embeddable":true,"href":"https:\/\/blogdoedvaldomagalhaes.com.br\/index.php\/wp-json\/wp\/v2\/users\/1"}],"replies":[{"embeddable":true,"href":"https:\/\/blogdoedvaldomagalhaes.com.br\/index.php\/wp-json\/wp\/v2\/comments?post=86308"}],"version-history":[{"count":3,"href":"https:\/\/blogdoedvaldomagalhaes.com.br\/index.php\/wp-json\/wp\/v2\/posts\/86308\/revisions"}],"predecessor-version":[{"id":86324,"href":"https:\/\/blogdoedvaldomagalhaes.com.br\/index.php\/wp-json\/wp\/v2\/posts\/86308\/revisions\/86324"}],"wp:featuredmedia":[{"embeddable":true,"href":"https:\/\/blogdoedvaldomagalhaes.com.br\/index.php\/wp-json\/wp\/v2\/media\/86309"}],"wp:attachment":[{"href":"https:\/\/blogdoedvaldomagalhaes.com.br\/index.php\/wp-json\/wp\/v2\/media?parent=86308"}],"wp:term":[{"taxonomy":"category","embeddable":true,"href":"https:\/\/blogdoedvaldomagalhaes.com.br\/index.php\/wp-json\/wp\/v2\/categories?post=86308"},{"taxonomy":"post_tag","embeddable":true,"href":"https:\/\/blogdoedvaldomagalhaes.com.br\/index.php\/wp-json\/wp\/v2\/tags?post=86308"}],"curies":[{"name":"wp","href":"https:\/\/api.w.org\/{rel}","templated":true}]}}