{"id":86305,"date":"2022-08-13T09:04:02","date_gmt":"2022-08-13T12:04:02","guid":{"rendered":"https:\/\/blogdoedvaldomagalhaes.com.br\/?p=86305"},"modified":"2022-08-13T10:38:32","modified_gmt":"2022-08-13T13:38:32","slug":"anderson-correia-entrega-medalha-de-honra-ao-merito-a-socios-diretores-da-cardeal-distribuidora","status":"publish","type":"post","link":"https:\/\/blogdoedvaldomagalhaes.com.br\/index.php\/2022\/08\/13\/anderson-correia-entrega-medalha-de-honra-ao-merito-a-socios-diretores-da-cardeal-distribuidora\/","title":{"rendered":"Anderson Correia entrega Medalha de Honra ao M\u00e9rito a s\u00f3cios-diretores da Cardeal Distribuidora"},"content":{"rendered":"<p style=\"text-align: justify;\"><span style=\"font-size: inherit;\">O vereador e candidato a deputado federal, Anderson Correia (PP), entregou, na noite dessa sexta-feira (12), a Medalha de Honra ao M\u00e9rito \u201cArmando da Fonte\u201d, aos s\u00f3cios-diretores da Cardeal Distribuidora \u2013 Dorgival Francisco de Melo, Alfredo Alves da Cunha Neto e Alexandre da Cunha Melo \u2013, pelos relevantes servi\u00e7os prestados ao munic\u00edpio de Caruaru na \u00e1rea comercial e empresarial.<\/span><\/p>\n<p style=\"text-align: justify;\">A honraria foi entregue em sess\u00e3o solene, solicitada pelo parlamentar e realizada na C\u00e2mara Municipal da Capital do Agreste, com a presen\u00e7a de diversos convidados, familiares e amigos dos homenageados, al\u00e9m de autoridades.<\/p>\n<p style=\"text-align: justify;\">\u201cAs homenagens foram mais do que merecidas. Devemos dar honra a quem merece, e todos eles s\u00e3o merecedores por todo trabalho ao longo dos 31 anos fomentando a nossa economia por meio da Cardeal, gerando diversos empregos para nossos caruaruenses. Al\u00e9m disso, s\u00e3o pessoas sens\u00edveis \u00e0 causa animal, com doa\u00e7\u00f5es de ra\u00e7\u00e3o e outros produtos pet para os nossos animais\u201d, destacou o edil.<\/p>\n","protected":false},"excerpt":{"rendered":"<p>O vereador e candidato a deputado federal, Anderson Correia (PP), entregou, na noite dessa sexta-feira (12), a Medalha de Honra&hellip;<\/p>\n","protected":false},"author":1,"featured_media":86306,"comment_status":"open","ping_status":"open","sticky":false,"template":"","format":"standard","meta":{"footnotes":""},"categories":[14122],"tags":[25301,2,19532,3406,20],"class_list":["post-86305","post","type-post","status-publish","format-standard","has-post-thumbnail","hentry","category-politica","tag-anderson-correia-entrega-medalha-de-honra-ao-merito-a-socios-diretores-da-cardeal-distribuidora","tag-blog-do-edvaldo-magalhaes","tag-blog-mais-acessado-e-visualizado-de-caruaru-e-regiao","tag-caruaru","tag-politica"],"_links":{"self":[{"href":"https:\/\/blogdoedvaldomagalhaes.com.br\/index.php\/wp-json\/wp\/v2\/posts\/86305","targetHints":{"allow":["GET"]}}],"collection":[{"href":"https:\/\/blogdoedvaldomagalhaes.com.br\/index.php\/wp-json\/wp\/v2\/posts"}],"about":[{"href":"https:\/\/blogdoedvaldomagalhaes.com.br\/index.php\/wp-json\/wp\/v2\/types\/post"}],"author":[{"embeddable":true,"href":"https:\/\/blogdoedvaldomagalhaes.com.br\/index.php\/wp-json\/wp\/v2\/users\/1"}],"replies":[{"embeddable":true,"href":"https:\/\/blogdoedvaldomagalhaes.com.br\/index.php\/wp-json\/wp\/v2\/comments?post=86305"}],"version-history":[{"count":2,"href":"https:\/\/blogdoedvaldomagalhaes.com.br\/index.php\/wp-json\/wp\/v2\/posts\/86305\/revisions"}],"predecessor-version":[{"id":86316,"href":"https:\/\/blogdoedvaldomagalhaes.com.br\/index.php\/wp-json\/wp\/v2\/posts\/86305\/revisions\/86316"}],"wp:featuredmedia":[{"embeddable":true,"href":"https:\/\/blogdoedvaldomagalhaes.com.br\/index.php\/wp-json\/wp\/v2\/media\/86306"}],"wp:attachment":[{"href":"https:\/\/blogdoedvaldomagalhaes.com.br\/index.php\/wp-json\/wp\/v2\/media?parent=86305"}],"wp:term":[{"taxonomy":"category","embeddable":true,"href":"https:\/\/blogdoedvaldomagalhaes.com.br\/index.php\/wp-json\/wp\/v2\/categories?post=86305"},{"taxonomy":"post_tag","embeddable":true,"href":"https:\/\/blogdoedvaldomagalhaes.com.br\/index.php\/wp-json\/wp\/v2\/tags?post=86305"}],"curies":[{"name":"wp","href":"https:\/\/api.w.org\/{rel}","templated":true}]}}