{"id":86297,"date":"2022-08-12T21:33:31","date_gmt":"2022-08-13T00:33:31","guid":{"rendered":"https:\/\/blogdoedvaldomagalhaes.com.br\/?p=86297"},"modified":"2022-08-12T21:42:31","modified_gmt":"2022-08-13T00:42:31","slug":"vereador-irmao-ronaldo-oficializa-apoio-a-wolney-queiroz-para-deputado-federal","status":"publish","type":"post","link":"https:\/\/blogdoedvaldomagalhaes.com.br\/index.php\/2022\/08\/12\/vereador-irmao-ronaldo-oficializa-apoio-a-wolney-queiroz-para-deputado-federal\/","title":{"rendered":"Vereador Irm\u00e3o Ronaldo oficializa apoio a Wolney Queiroz para deputado federal"},"content":{"rendered":"<p style=\"text-align: justify;\">O vereador Irm\u00e3o Ronaldo oficializou o apoio a candidatura de Wolney Queiroz para deputado federal.<\/p>\n<p style=\"text-align: justify;\">\u201cAnuncio com muito orgulho e firmeza o meu apoio a candidatura do deputado federal, Wolney Queiroz, que est\u00e1 no seu sexto mandato como representante do povo e \u00e9 sempre enf\u00e1tico e assertivo em seus pronunciamentos, dedicado em tudo o que se prop\u00f5e realizar, principalmente na C\u00e2mara dos Deputados, em Bras\u00edlia. Wolney \u00e9 muito bem preparado para continuar trabalhando por Pernambuco e em especial Caruaru&#8221;, afirmou Irm\u00e3o Ronaldo.<\/p>\n","protected":false},"excerpt":{"rendered":"<p>O vereador Irm\u00e3o Ronaldo oficializou o apoio a candidatura de Wolney Queiroz para deputado federal. \u201cAnuncio com muito orgulho e&hellip;<\/p>\n","protected":false},"author":1,"featured_media":86298,"comment_status":"open","ping_status":"open","sticky":false,"template":"","format":"standard","meta":{"footnotes":""},"categories":[14122],"tags":[2,19532,3406,20,25300],"class_list":["post-86297","post","type-post","status-publish","format-standard","has-post-thumbnail","hentry","category-politica","tag-blog-do-edvaldo-magalhaes","tag-blog-mais-acessado-e-visualizado-de-caruaru-e-regiao","tag-caruaru","tag-politica","tag-vereador-irmao-ronaldo-oficializa-apoio-a-wolney-queiroz-para-deputado-federal"],"_links":{"self":[{"href":"https:\/\/blogdoedvaldomagalhaes.com.br\/index.php\/wp-json\/wp\/v2\/posts\/86297","targetHints":{"allow":["GET"]}}],"collection":[{"href":"https:\/\/blogdoedvaldomagalhaes.com.br\/index.php\/wp-json\/wp\/v2\/posts"}],"about":[{"href":"https:\/\/blogdoedvaldomagalhaes.com.br\/index.php\/wp-json\/wp\/v2\/types\/post"}],"author":[{"embeddable":true,"href":"https:\/\/blogdoedvaldomagalhaes.com.br\/index.php\/wp-json\/wp\/v2\/users\/1"}],"replies":[{"embeddable":true,"href":"https:\/\/blogdoedvaldomagalhaes.com.br\/index.php\/wp-json\/wp\/v2\/comments?post=86297"}],"version-history":[{"count":3,"href":"https:\/\/blogdoedvaldomagalhaes.com.br\/index.php\/wp-json\/wp\/v2\/posts\/86297\/revisions"}],"predecessor-version":[{"id":86303,"href":"https:\/\/blogdoedvaldomagalhaes.com.br\/index.php\/wp-json\/wp\/v2\/posts\/86297\/revisions\/86303"}],"wp:featuredmedia":[{"embeddable":true,"href":"https:\/\/blogdoedvaldomagalhaes.com.br\/index.php\/wp-json\/wp\/v2\/media\/86298"}],"wp:attachment":[{"href":"https:\/\/blogdoedvaldomagalhaes.com.br\/index.php\/wp-json\/wp\/v2\/media?parent=86297"}],"wp:term":[{"taxonomy":"category","embeddable":true,"href":"https:\/\/blogdoedvaldomagalhaes.com.br\/index.php\/wp-json\/wp\/v2\/categories?post=86297"},{"taxonomy":"post_tag","embeddable":true,"href":"https:\/\/blogdoedvaldomagalhaes.com.br\/index.php\/wp-json\/wp\/v2\/tags?post=86297"}],"curies":[{"name":"wp","href":"https:\/\/api.w.org\/{rel}","templated":true}]}}