{"id":86294,"date":"2022-08-12T21:07:14","date_gmt":"2022-08-13T00:07:14","guid":{"rendered":"https:\/\/blogdoedvaldomagalhaes.com.br\/?p=86294"},"modified":"2022-08-12T21:07:15","modified_gmt":"2022-08-13T00:07:15","slug":"bairro-sao-francisco-recebe-deputado-lessa","status":"publish","type":"post","link":"https:\/\/blogdoedvaldomagalhaes.com.br\/index.php\/2022\/08\/12\/bairro-sao-francisco-recebe-deputado-lessa\/","title":{"rendered":"Bairro S\u00e3o Francisco recebe deputado Lessa"},"content":{"rendered":"<p style=\"text-align: justify;\"><span style=\"font-size: inherit;\">O deputado estadual Erick Lessa segue com uma agenda intensa de reuni\u00f5es e atividades. Na quinta-feira (11), Lessa se reuniu com moradores do Bairro S\u00e3o Francisco, em Caruaru. Ele destacou o trabalho realizado ao longo do mandato.<\/span><\/p>\n<p style=\"text-align: justify;\">\u201cPara mim, \u00e9 uma satisfa\u00e7\u00e3o ver de perto o reconhecimento do nosso trabalho pelas pessoas. As fam\u00edlias de Caruaru e regi\u00e3o sabem que podem contar com nosso servi\u00e7o, com o objetivo de melhorar a qualidade de vida e o desenvolvimento regional\u201d, declarou o parlamentar.<\/p>\n<p style=\"text-align: justify;\">Ao mesmo tempo em que ampliou a atua\u00e7\u00e3o em outros munic\u00edpios, Lessa manteve esfor\u00e7os em Caruaru, sua principal base. Ele foi reconhecido pela imprensa estadual como o parlamentar que mais destinou recursos para a Capital do Agreste, inclusive para equipamentos como o Hospital Regional do Agreste, UPAE Caruaru e Fusam. Lessa tamb\u00e9m articulou e viabilizou a constru\u00e7\u00e3o da nova Delegacia da Mulher, equipou o laborat\u00f3rio de combate \u00e0 lavagem de dinheiro e ao crime organizado e luta pela implementa\u00e7\u00e3o do Centro Integrado da Crian\u00e7a e do Adolescente.<\/p>\n<p style=\"text-align: justify;\">Foto: Viliane Gomes.<\/p>\n","protected":false},"excerpt":{"rendered":"<p>O deputado estadual Erick Lessa segue com uma agenda intensa de reuni\u00f5es e atividades. Na quinta-feira (11), Lessa se reuniu&hellip;<\/p>\n","protected":false},"author":1,"featured_media":86295,"comment_status":"open","ping_status":"open","sticky":false,"template":"","format":"standard","meta":{"footnotes":""},"categories":[14122],"tags":[25299,2,19532,3406],"class_list":["post-86294","post","type-post","status-publish","format-standard","has-post-thumbnail","hentry","category-politica","tag-bairro-sao-francisco-recebe-deputado-lessa","tag-blog-do-edvaldo-magalhaes","tag-blog-mais-acessado-e-visualizado-de-caruaru-e-regiao","tag-caruaru"],"_links":{"self":[{"href":"https:\/\/blogdoedvaldomagalhaes.com.br\/index.php\/wp-json\/wp\/v2\/posts\/86294","targetHints":{"allow":["GET"]}}],"collection":[{"href":"https:\/\/blogdoedvaldomagalhaes.com.br\/index.php\/wp-json\/wp\/v2\/posts"}],"about":[{"href":"https:\/\/blogdoedvaldomagalhaes.com.br\/index.php\/wp-json\/wp\/v2\/types\/post"}],"author":[{"embeddable":true,"href":"https:\/\/blogdoedvaldomagalhaes.com.br\/index.php\/wp-json\/wp\/v2\/users\/1"}],"replies":[{"embeddable":true,"href":"https:\/\/blogdoedvaldomagalhaes.com.br\/index.php\/wp-json\/wp\/v2\/comments?post=86294"}],"version-history":[{"count":1,"href":"https:\/\/blogdoedvaldomagalhaes.com.br\/index.php\/wp-json\/wp\/v2\/posts\/86294\/revisions"}],"predecessor-version":[{"id":86296,"href":"https:\/\/blogdoedvaldomagalhaes.com.br\/index.php\/wp-json\/wp\/v2\/posts\/86294\/revisions\/86296"}],"wp:featuredmedia":[{"embeddable":true,"href":"https:\/\/blogdoedvaldomagalhaes.com.br\/index.php\/wp-json\/wp\/v2\/media\/86295"}],"wp:attachment":[{"href":"https:\/\/blogdoedvaldomagalhaes.com.br\/index.php\/wp-json\/wp\/v2\/media?parent=86294"}],"wp:term":[{"taxonomy":"category","embeddable":true,"href":"https:\/\/blogdoedvaldomagalhaes.com.br\/index.php\/wp-json\/wp\/v2\/categories?post=86294"},{"taxonomy":"post_tag","embeddable":true,"href":"https:\/\/blogdoedvaldomagalhaes.com.br\/index.php\/wp-json\/wp\/v2\/tags?post=86294"}],"curies":[{"name":"wp","href":"https:\/\/api.w.org\/{rel}","templated":true}]}}