{"id":8626,"date":"2016-08-14T21:03:00","date_gmt":"2016-08-15T00:03:00","guid":{"rendered":"http:\/\/blogdoedvaldomagalhaes.com.br\/index.php\/2016\/08\/14\/santa-cruz-empata-com-o-vitoria-no\/"},"modified":"2019-02-09T00:55:08","modified_gmt":"2019-02-09T02:55:08","slug":"santa-cruz-empata-com-o-vitoria-no","status":"publish","type":"post","link":"https:\/\/blogdoedvaldomagalhaes.com.br\/index.php\/2016\/08\/14\/santa-cruz-empata-com-o-vitoria-no\/","title":{"rendered":"Santa Cruz empata com o Vit\u00f3ria no Barrad\u00e3o e continua no Z4"},"content":{"rendered":"<div id=\"texto\" style=\"background-color: white; border: 0px; color: #333333; font-stretch: normal; line-height: 24px; margin: 0px; overflow: hidden; padding: 0px; position: relative; vertical-align: baseline;\">\n<div class=\"separator\" style=\"clear: both; text-align: center;\">\n<a href=\"https:\/\/2.bp.blogspot.com\/-k_iaoXyDnrI\/V7DclTVxMQI\/AAAAAAAAEco\/2MbyWTMmpSE-D_uQSxZCm98AzJ8lHfFjgCLcB\/s1600\/santa%2Bx%2Bvitoria.jpg\" imageanchor=\"1\" style=\"margin-left: 1em; margin-right: 1em;\"><img loading=\"lazy\" decoding=\"async\" border=\"0\" height=\"193\" src=\"http:\/\/blogdoedvaldomagalhaes.com.br\/wp-content\/uploads\/2016\/08\/santaxvitoria.jpg\" width=\"400\" \/><\/a><\/div>\n<div class=\"separator\" style=\"clear: both; text-align: center;\">\n<\/div>\n<div style=\"border: 0px; font-stretch: inherit; font-variant: inherit; font-weight: inherit; line-height: 24px; margin-bottom: 20px; padding: 0px; text-align: justify; vertical-align: baseline;\">\nVit\u00f3ria x Santa Cruz fizeram o chamado &#8220;jogo de seis pontos&#8221;, e empataram por 2 a 2, neste domingo (14), no Barrad\u00e3o, em Salvador (BA), e seguem com o sinal de alerta ligado no Brasileir\u00e3o.<\/div>\n<div style=\"border: 0px; font-stretch: inherit; font-variant: inherit; font-weight: inherit; line-height: 24px; margin-bottom: 20px; padding: 0px; text-align: justify; vertical-align: baseline;\">\nO Vit\u00f3ria &nbsp;continua pr\u00f3ximo da zona de rebaixamento e o Santa Cruz continua na pen\u00faltima coloca\u00e7\u00e3o e em situa\u00e7\u00e3o delicada..<\/div>\n<div style=\"border: 0px; font-stretch: inherit; font-variant: inherit; font-weight: inherit; line-height: 24px; margin-bottom: 20px; padding: 0px; vertical-align: baseline;\">\n<\/div>\n<div style=\"text-align: justify;\">\nO time baiano volta a jogar no dia 22, contra o Corinthians, em S\u00e3o Paulo. Enquanto que time pernambucano &nbsp;recebe o Fluminense, no dia 21, no Arruda.<\/div>\n<p><\/p>\n<div style=\"text-align: justify;\">\n&nbsp;<b>Ficha T\u00e9cnica:<\/b><\/div>\n<p><\/p>\n<div style=\"text-align: justify;\">\n<strong style=\"border: 0px; font-stretch: inherit; font-style: inherit; font-variant: inherit; font-weight: bold; line-height: inherit; margin: 0px; padding: 0px; vertical-align: baseline;\">\u00c1rbitro:<\/strong>&nbsp;Emerson de Almeida Ferreira &#8211; FIFA (MG)<\/div>\n<div style=\"text-align: justify;\">\n<strong style=\"border: 0px; font-stretch: inherit; font-style: inherit; font-variant: inherit; font-weight: bold; line-height: inherit; margin: 0px; padding: 0px; vertical-align: baseline;\">Auxiliares:<\/strong>&nbsp;Luiz Ant\u00f4nio Barbosa (MG) e Marconi Helbert Vieira (MG)<\/div>\n<div style=\"text-align: justify;\">\n<strong style=\"border: 0px; font-stretch: inherit; font-style: inherit; font-variant: inherit; font-weight: bold; line-height: inherit; margin: 0px; padding: 0px; vertical-align: baseline;\">Renda e p\u00fablico:<\/strong>&nbsp;R$ 91.803,00 \/ 6. 797 presentes<\/div>\n<div style=\"text-align: justify;\">\n<strong style=\"border: 0px; font-stretch: inherit; font-style: inherit; font-variant: inherit; font-weight: bold; line-height: inherit; margin: 0px; padding: 0px; vertical-align: baseline;\">Cart\u00e3o amarelo:<\/strong>&nbsp;Luan Peres (STA).&nbsp;<\/div>\n<div style=\"text-align: justify;\">\n<strong style=\"border: 0px; font-stretch: inherit; font-style: inherit; font-variant: inherit; line-height: inherit; margin: 0px; padding: 0px; vertical-align: baseline;\">Gols:<\/strong>&nbsp;Diego Renan, aos 5 minutos do primeiro tempo (VIT); Tiago Costa, aos 36 minutos do primeiro tempo (STA); Willian Farias, aos 2 minutos do segundo tempo (VIT); Pisano, aos 37 minutos do segundo tempo (VIT)<br \/>\n<strong style=\"border: 0px; font-stretch: inherit; font-style: inherit; font-variant: inherit; line-height: inherit; margin: 0px; padding: 0px; vertical-align: baseline;\"><br \/><\/strong><br \/>\n<strong style=\"border: 0px; font-stretch: inherit; font-style: inherit; font-variant: inherit; line-height: inherit; margin: 0px; padding: 0px; vertical-align: baseline;\">VIT\u00d3RIA:&nbsp;<\/strong>Fernando Miguel, Diogo Mateus, Ramon, Kanu e Diego Renan; Willian Farias, C\u00e1rdenas, Fl\u00e1vio (Marcelo); Marinho, Vander e Kieza.&nbsp;<\/div>\n<p><\/p>\n<div style=\"text-align: justify;\">\n<div style=\"display: inline !important;\">\n<strong style=\"border: 0px; font-stretch: inherit; font-style: inherit; font-variant: inherit; font-weight: bold; line-height: inherit; margin: 0px; padding: 0px; vertical-align: baseline;\">T\u00e9cnico:<\/strong>&nbsp;Vagner Mancini<br \/>\n<strong style=\"border: 0px; font-stretch: inherit; font-style: inherit; font-variant: inherit; line-height: inherit; margin: 0px; padding: 0px; vertical-align: baseline;\"><br \/><\/strong><br \/>\n<strong style=\"border: 0px; font-stretch: inherit; font-style: inherit; font-variant: inherit; line-height: inherit; margin: 0px; padding: 0px; vertical-align: baseline;\">SANTA CRUZ:&nbsp;<\/strong>Tiago Cardoso, L\u00e9o Moura, Luan Peres, Danny Morais e Tiago Costa; Uillian Correia, Derley, Jo\u00e3o Paulo; Arthur, Grafite e Keno.&nbsp;<strong style=\"border: 0px; font-family: arial, helvetica, sans-serif; font-stretch: inherit; font-style: inherit; font-variant: inherit; line-height: inherit; margin: 0px; padding: 0px; vertical-align: baseline;\">T\u00e9cnico:&nbsp;<\/strong>Adriano Teixeira<\/div>\n<\/div>\n<\/div>\n","protected":false},"excerpt":{"rendered":"<p>Vit\u00f3ria x Santa Cruz fizeram o chamado &#8220;jogo de seis pontos&#8221;, e empataram por 2 a 2, neste domingo (14),&hellip;<\/p>\n","protected":false},"author":1,"featured_media":0,"comment_status":"open","ping_status":"open","sticky":false,"template":"","format":"standard","meta":{"footnotes":""},"categories":[1],"tags":[10444,5453,2,12844,12845,3,12846,525,12847,3339],"class_list":["post-8626","post","type-post","status-publish","format-standard","hentry","category-sem-categoria","tag-adriano-teixeira","tag-barradao","tag-blog-do-edvaldo-magalhaes","tag-emerson-de-almeida-ferreira","tag-fifa","tag-futebol","tag-salvador","tag-santa-cruz","tag-vagner-mancini","tag-vitoria"],"_links":{"self":[{"href":"https:\/\/blogdoedvaldomagalhaes.com.br\/index.php\/wp-json\/wp\/v2\/posts\/8626","targetHints":{"allow":["GET"]}}],"collection":[{"href":"https:\/\/blogdoedvaldomagalhaes.com.br\/index.php\/wp-json\/wp\/v2\/posts"}],"about":[{"href":"https:\/\/blogdoedvaldomagalhaes.com.br\/index.php\/wp-json\/wp\/v2\/types\/post"}],"author":[{"embeddable":true,"href":"https:\/\/blogdoedvaldomagalhaes.com.br\/index.php\/wp-json\/wp\/v2\/users\/1"}],"replies":[{"embeddable":true,"href":"https:\/\/blogdoedvaldomagalhaes.com.br\/index.php\/wp-json\/wp\/v2\/comments?post=8626"}],"version-history":[{"count":1,"href":"https:\/\/blogdoedvaldomagalhaes.com.br\/index.php\/wp-json\/wp\/v2\/posts\/8626\/revisions"}],"predecessor-version":[{"id":11399,"href":"https:\/\/blogdoedvaldomagalhaes.com.br\/index.php\/wp-json\/wp\/v2\/posts\/8626\/revisions\/11399"}],"wp:attachment":[{"href":"https:\/\/blogdoedvaldomagalhaes.com.br\/index.php\/wp-json\/wp\/v2\/media?parent=8626"}],"wp:term":[{"taxonomy":"category","embeddable":true,"href":"https:\/\/blogdoedvaldomagalhaes.com.br\/index.php\/wp-json\/wp\/v2\/categories?post=8626"},{"taxonomy":"post_tag","embeddable":true,"href":"https:\/\/blogdoedvaldomagalhaes.com.br\/index.php\/wp-json\/wp\/v2\/tags?post=8626"}],"curies":[{"name":"wp","href":"https:\/\/api.w.org\/{rel}","templated":true}]}}