{"id":86117,"date":"2022-08-08T20:07:21","date_gmt":"2022-08-08T23:07:21","guid":{"rendered":"https:\/\/blogdoedvaldomagalhaes.com.br\/?p=86117"},"modified":"2022-08-08T20:07:23","modified_gmt":"2022-08-08T23:07:23","slug":"vereador-galego-de-lajes-solicita-a-prefeitura-projeto-de-lei-que-regulamente-o-transporte-alternativo-em-caruaru","status":"publish","type":"post","link":"https:\/\/blogdoedvaldomagalhaes.com.br\/index.php\/2022\/08\/08\/vereador-galego-de-lajes-solicita-a-prefeitura-projeto-de-lei-que-regulamente-o-transporte-alternativo-em-caruaru\/","title":{"rendered":"Vereador Galego de Lajes solicita a prefeitura Projeto de Lei que regulamente o transporte alternativo em Caruaru"},"content":{"rendered":"<p style=\"text-align: justify;\"><span style=\"font-size: inherit;\">O vereador Galego de Lajes participou da reuni\u00e3o entre o Poder Judici\u00e1rio e representantes dos loteiros, na manh\u00e3 desta segunda-feira (08), no F\u00f3rum Doutor Jo\u00e3o El\u00edsio Florencio, em Caruaru.<\/span><\/p>\n<p style=\"text-align: justify;\">Desde o primeiro mandato, que o vereador Galego de Lajes denuncia que a gest\u00e3o municipal n\u00e3o tem interesse de mandar um Projeto de Lei regulamentando o transporte alternativo no munic\u00edpio. Na reuni\u00e3o de hoje, Galego de Lajes relatou o problema ao juiz Jos\u00e9 Adelmo e solicita que o Poder Executivo envie um Projeto de Lei para a C\u00e2mara de Vereadores de Caruaru aprovar e o transporte alternativo ser regulamentado.<\/p>\n\n\n<figure class=\"wp-block-image size-large\"><img loading=\"lazy\" decoding=\"async\" width=\"1024\" height=\"720\" src=\"https:\/\/blogdoedvaldomagalhaes.com.br\/wp-content\/uploads\/2022\/08\/IMG-20220808-WA0289-1024x720.jpg\" alt=\"\" class=\"wp-image-86118\" srcset=\"https:\/\/blogdoedvaldomagalhaes.com.br\/wp-content\/uploads\/2022\/08\/IMG-20220808-WA0289-1024x720.jpg 1024w, https:\/\/blogdoedvaldomagalhaes.com.br\/wp-content\/uploads\/2022\/08\/IMG-20220808-WA0289-300x211.jpg 300w, https:\/\/blogdoedvaldomagalhaes.com.br\/wp-content\/uploads\/2022\/08\/IMG-20220808-WA0289-768x540.jpg 768w, https:\/\/blogdoedvaldomagalhaes.com.br\/wp-content\/uploads\/2022\/08\/IMG-20220808-WA0289.jpg 1280w\" sizes=\"auto, (max-width: 1024px) 100vw, 1024px\" \/><figcaption>Fotos: Vladimir Barreto<\/figcaption><\/figure>\n","protected":false},"excerpt":{"rendered":"<p>O vereador Galego de Lajes participou da reuni\u00e3o entre o Poder Judici\u00e1rio e representantes dos loteiros, na manh\u00e3 desta segunda-feira&hellip;<\/p>\n","protected":false},"author":1,"featured_media":86096,"comment_status":"open","ping_status":"open","sticky":false,"template":"","format":"standard","meta":{"footnotes":""},"categories":[14122],"tags":[2,19532,3406,20,25252],"class_list":["post-86117","post","type-post","status-publish","format-standard","has-post-thumbnail","hentry","category-politica","tag-blog-do-edvaldo-magalhaes","tag-blog-mais-acessado-e-visualizado-de-caruaru-e-regiao","tag-caruaru","tag-politica","tag-vereador-galego-de-lajes-solicita-a-prefeitura-projeto-de-lei-que-regulamente-o-transporte-alternativo-em-caruaru"],"_links":{"self":[{"href":"https:\/\/blogdoedvaldomagalhaes.com.br\/index.php\/wp-json\/wp\/v2\/posts\/86117","targetHints":{"allow":["GET"]}}],"collection":[{"href":"https:\/\/blogdoedvaldomagalhaes.com.br\/index.php\/wp-json\/wp\/v2\/posts"}],"about":[{"href":"https:\/\/blogdoedvaldomagalhaes.com.br\/index.php\/wp-json\/wp\/v2\/types\/post"}],"author":[{"embeddable":true,"href":"https:\/\/blogdoedvaldomagalhaes.com.br\/index.php\/wp-json\/wp\/v2\/users\/1"}],"replies":[{"embeddable":true,"href":"https:\/\/blogdoedvaldomagalhaes.com.br\/index.php\/wp-json\/wp\/v2\/comments?post=86117"}],"version-history":[{"count":1,"href":"https:\/\/blogdoedvaldomagalhaes.com.br\/index.php\/wp-json\/wp\/v2\/posts\/86117\/revisions"}],"predecessor-version":[{"id":86119,"href":"https:\/\/blogdoedvaldomagalhaes.com.br\/index.php\/wp-json\/wp\/v2\/posts\/86117\/revisions\/86119"}],"wp:featuredmedia":[{"embeddable":true,"href":"https:\/\/blogdoedvaldomagalhaes.com.br\/index.php\/wp-json\/wp\/v2\/media\/86096"}],"wp:attachment":[{"href":"https:\/\/blogdoedvaldomagalhaes.com.br\/index.php\/wp-json\/wp\/v2\/media?parent=86117"}],"wp:term":[{"taxonomy":"category","embeddable":true,"href":"https:\/\/blogdoedvaldomagalhaes.com.br\/index.php\/wp-json\/wp\/v2\/categories?post=86117"},{"taxonomy":"post_tag","embeddable":true,"href":"https:\/\/blogdoedvaldomagalhaes.com.br\/index.php\/wp-json\/wp\/v2\/tags?post=86117"}],"curies":[{"name":"wp","href":"https:\/\/api.w.org\/{rel}","templated":true}]}}