{"id":86081,"date":"2022-08-07T11:00:02","date_gmt":"2022-08-07T14:00:02","guid":{"rendered":"https:\/\/blogdoedvaldomagalhaes.com.br\/?p=86081"},"modified":"2022-08-07T11:00:03","modified_gmt":"2022-08-07T14:00:03","slug":"tonynho-rodrigues-participa-da-festa-do-munguza-na-vila-jua-em-caruaru","status":"publish","type":"post","link":"https:\/\/blogdoedvaldomagalhaes.com.br\/index.php\/2022\/08\/07\/tonynho-rodrigues-participa-da-festa-do-munguza-na-vila-jua-em-caruaru\/","title":{"rendered":"Tonynho Rodrigues participa da Festa do Munguz\u00e1 na Vila Ju\u00e1 em Caruaru"},"content":{"rendered":"<p style=\"text-align: justify;\"><span style=\"font-size: inherit;\">O candidato a deputado federal pelo MDB, Tonynho Rodrigues, participou na noite desse s\u00e1bado (05), da 10\u00aa edi\u00e7\u00e3o da Festa do Munguz\u00e1, realizada na Vila do Ju\u00e1, Zona Rural de Caruaru.<\/span><\/p>\n<p style=\"text-align: justify;\">Acompanhado pelo Vereador Galego de Lages(MDB) e pelo l\u00edder comunit\u00e1rio Ac\u00e1cio do Ju\u00e1, Tonynho visitou amigos, acompanhou os shows e conversou bastante com as pessoas presentes no evento.<\/p>\n<p style=\"text-align: justify;\">O candidato falou que uma das suas prioridades em Bras\u00edlia, ser\u00e1 garantir recursos para ampliar a oferta de \u00e1gua nas comunidades rurais da Capital do Agreste e de outros munic\u00edpios.<\/p>\n","protected":false},"excerpt":{"rendered":"<p>O candidato a deputado federal pelo MDB, Tonynho Rodrigues, participou na noite desse s\u00e1bado (05), da 10\u00aa edi\u00e7\u00e3o da Festa&hellip;<\/p>\n","protected":false},"author":1,"featured_media":86082,"comment_status":"open","ping_status":"open","sticky":false,"template":"","format":"standard","meta":{"footnotes":""},"categories":[14122],"tags":[2,19532,3406,20,25242],"class_list":["post-86081","post","type-post","status-publish","format-standard","has-post-thumbnail","hentry","category-politica","tag-blog-do-edvaldo-magalhaes","tag-blog-mais-acessado-e-visualizado-de-caruaru-e-regiao","tag-caruaru","tag-politica","tag-tonynho-rodrigues-participa-da-festa-do-munguza-na-vila-jua-em-caruaru"],"_links":{"self":[{"href":"https:\/\/blogdoedvaldomagalhaes.com.br\/index.php\/wp-json\/wp\/v2\/posts\/86081","targetHints":{"allow":["GET"]}}],"collection":[{"href":"https:\/\/blogdoedvaldomagalhaes.com.br\/index.php\/wp-json\/wp\/v2\/posts"}],"about":[{"href":"https:\/\/blogdoedvaldomagalhaes.com.br\/index.php\/wp-json\/wp\/v2\/types\/post"}],"author":[{"embeddable":true,"href":"https:\/\/blogdoedvaldomagalhaes.com.br\/index.php\/wp-json\/wp\/v2\/users\/1"}],"replies":[{"embeddable":true,"href":"https:\/\/blogdoedvaldomagalhaes.com.br\/index.php\/wp-json\/wp\/v2\/comments?post=86081"}],"version-history":[{"count":1,"href":"https:\/\/blogdoedvaldomagalhaes.com.br\/index.php\/wp-json\/wp\/v2\/posts\/86081\/revisions"}],"predecessor-version":[{"id":86083,"href":"https:\/\/blogdoedvaldomagalhaes.com.br\/index.php\/wp-json\/wp\/v2\/posts\/86081\/revisions\/86083"}],"wp:featuredmedia":[{"embeddable":true,"href":"https:\/\/blogdoedvaldomagalhaes.com.br\/index.php\/wp-json\/wp\/v2\/media\/86082"}],"wp:attachment":[{"href":"https:\/\/blogdoedvaldomagalhaes.com.br\/index.php\/wp-json\/wp\/v2\/media?parent=86081"}],"wp:term":[{"taxonomy":"category","embeddable":true,"href":"https:\/\/blogdoedvaldomagalhaes.com.br\/index.php\/wp-json\/wp\/v2\/categories?post=86081"},{"taxonomy":"post_tag","embeddable":true,"href":"https:\/\/blogdoedvaldomagalhaes.com.br\/index.php\/wp-json\/wp\/v2\/tags?post=86081"}],"curies":[{"name":"wp","href":"https:\/\/api.w.org\/{rel}","templated":true}]}}