{"id":86078,"date":"2022-08-06T11:38:02","date_gmt":"2022-08-06T14:38:02","guid":{"rendered":"https:\/\/blogdoedvaldomagalhaes.com.br\/?p=86078"},"modified":"2022-08-06T11:38:04","modified_gmt":"2022-08-06T14:38:04","slug":"paroquia-sao-jose-em-caruaru-realiza-show-no-clima-do-dia-dos-pais","status":"publish","type":"post","link":"https:\/\/blogdoedvaldomagalhaes.com.br\/index.php\/2022\/08\/06\/paroquia-sao-jose-em-caruaru-realiza-show-no-clima-do-dia-dos-pais\/","title":{"rendered":"Par\u00f3quia S\u00e3o Jos\u00e9 em Caruaru realiza show no clima do Dia dos Pais"},"content":{"rendered":"<p style=\"text-align: justify;\">A Par\u00f3quia S\u00e3o Jos\u00e9, em Caruaru, est\u00e1 promovendo uma noite de festa em prol da realiza\u00e7\u00e3o do 16\u00ba Encontro de Casais com Cristo (ECC). O evento acontece no s\u00e1bado (13), a partir das 21h, no Ac\u00e1cia Buffet.<\/p>\n<p style=\"text-align: justify;\">Por ser v\u00e9spera do Dia dos Pais, o momento ser\u00e1 uma verdadeira celebra\u00e7\u00e3o entre fam\u00edlia. A grande atra\u00e7\u00e3o da noite \u00e9 Gilberto e Banda. O repert\u00f3rio contar\u00e1 com grandes sucessos da m\u00fasica brasileira<\/p>\n<p style=\"text-align: justify;\">Os ingressos est\u00e3o sendo vendidos por R$ 120 por pessoa e permitem acesso ao open food, preparado por um buffet. O espa\u00e7o do show ter\u00e1 mesas para seis pessoas.<\/p>\n<p style=\"text-align: justify;\">Os ingressos est\u00e3o sendo vendidos na Par\u00f3quia S\u00e3o Jos\u00e9, no bairro Petr\u00f3polis, ou atrav\u00e9s dos telefones: (81) 99368-0405 ou 3723-6141.<\/p>\n","protected":false},"excerpt":{"rendered":"<p>A Par\u00f3quia S\u00e3o Jos\u00e9, em Caruaru, est\u00e1 promovendo uma noite de festa em prol da realiza\u00e7\u00e3o do 16\u00ba Encontro de&hellip;<\/p>\n","protected":false},"author":1,"featured_media":86079,"comment_status":"open","ping_status":"open","sticky":false,"template":"","format":"standard","meta":{"footnotes":""},"categories":[14120],"tags":[2,19532,3406,25241],"class_list":["post-86078","post","type-post","status-publish","format-standard","has-post-thumbnail","hentry","category-noticias","tag-blog-do-edvaldo-magalhaes","tag-blog-mais-acessado-e-visualizado-de-caruaru-e-regiao","tag-caruaru","tag-paroquia-sao-jose-em-caruaru-realiza-show-no-clima-do-dia-dos-pais"],"_links":{"self":[{"href":"https:\/\/blogdoedvaldomagalhaes.com.br\/index.php\/wp-json\/wp\/v2\/posts\/86078","targetHints":{"allow":["GET"]}}],"collection":[{"href":"https:\/\/blogdoedvaldomagalhaes.com.br\/index.php\/wp-json\/wp\/v2\/posts"}],"about":[{"href":"https:\/\/blogdoedvaldomagalhaes.com.br\/index.php\/wp-json\/wp\/v2\/types\/post"}],"author":[{"embeddable":true,"href":"https:\/\/blogdoedvaldomagalhaes.com.br\/index.php\/wp-json\/wp\/v2\/users\/1"}],"replies":[{"embeddable":true,"href":"https:\/\/blogdoedvaldomagalhaes.com.br\/index.php\/wp-json\/wp\/v2\/comments?post=86078"}],"version-history":[{"count":1,"href":"https:\/\/blogdoedvaldomagalhaes.com.br\/index.php\/wp-json\/wp\/v2\/posts\/86078\/revisions"}],"predecessor-version":[{"id":86080,"href":"https:\/\/blogdoedvaldomagalhaes.com.br\/index.php\/wp-json\/wp\/v2\/posts\/86078\/revisions\/86080"}],"wp:featuredmedia":[{"embeddable":true,"href":"https:\/\/blogdoedvaldomagalhaes.com.br\/index.php\/wp-json\/wp\/v2\/media\/86079"}],"wp:attachment":[{"href":"https:\/\/blogdoedvaldomagalhaes.com.br\/index.php\/wp-json\/wp\/v2\/media?parent=86078"}],"wp:term":[{"taxonomy":"category","embeddable":true,"href":"https:\/\/blogdoedvaldomagalhaes.com.br\/index.php\/wp-json\/wp\/v2\/categories?post=86078"},{"taxonomy":"post_tag","embeddable":true,"href":"https:\/\/blogdoedvaldomagalhaes.com.br\/index.php\/wp-json\/wp\/v2\/tags?post=86078"}],"curies":[{"name":"wp","href":"https:\/\/api.w.org\/{rel}","templated":true}]}}