{"id":8585,"date":"2016-08-18T13:34:00","date_gmt":"2016-08-18T16:34:00","guid":{"rendered":"http:\/\/blogdoedvaldomagalhaes.com.br\/index.php\/2016\/08\/18\/kintura-recebe-medalha-de-honra-ao\/"},"modified":"2019-02-09T00:55:36","modified_gmt":"2019-02-09T02:55:36","slug":"kintura-recebe-medalha-de-honra-ao","status":"publish","type":"post","link":"https:\/\/blogdoedvaldomagalhaes.com.br\/index.php\/2016\/08\/18\/kintura-recebe-medalha-de-honra-ao\/","title":{"rendered":"Kintura recebe Medalha de Honra ao M\u00e9rito"},"content":{"rendered":"<div class=\"separator\" style=\"clear: both; text-align: center;\">\n<a href=\"https:\/\/2.bp.blogspot.com\/-kyHKwA9ln3s\/V7W5Hm7OGKI\/AAAAAAAAEro\/MnqYYTwXsDITVH8qX3G5z7d1zwARIc69QCLcB\/s1600\/P1170530.JPG\" imageanchor=\"1\" style=\"margin-left: 1em; margin-right: 1em;\"><img loading=\"lazy\" decoding=\"async\" border=\"0\" height=\"300\" src=\"http:\/\/blogdoedvaldomagalhaes.com.br\/wp-content\/uploads\/2016\/08\/P1170530.jpg\" width=\"400\" \/><\/a><\/div>\n<div style=\"text-align: justify;\">\n<\/div>\n<div style=\"text-align: justify;\">\nJos\u00e9 Edilson Alves da Silva (Kintura), representante comercial e promotor do evento &#8220;Os Iguais&#8221;, recebeu na manh\u00e3 desta quinta-feira (18) a Medalha de Honra ao M\u00e9rito Onildo Almeida.<\/p>\n<div class=\"separator\" style=\"clear: both; text-align: center;\">\n<a href=\"https:\/\/3.bp.blogspot.com\/-T3EnhyYfpLg\/V7W_-8RqYMI\/AAAAAAAAEsA\/ziIuDKzwV5EKtdRcr1JqJpQJqQlfEadVgCLcB\/s1600\/Medalha%2B%25281%2529.jpg\" imageanchor=\"1\" style=\"margin-left: 1em; margin-right: 1em;\"><img loading=\"lazy\" decoding=\"async\" border=\"0\" height=\"300\" src=\"http:\/\/blogdoedvaldomagalhaes.com.br\/wp-content\/uploads\/2016\/08\/Medalha28129.jpg\" width=\"400\" \/><\/a><\/div>\n<p><\/p>\n<div class=\"separator\" style=\"clear: both; text-align: center;\">\n<a href=\"https:\/\/4.bp.blogspot.com\/-yCtCkxD04cg\/V7W_-99aSbI\/AAAAAAAAEr8\/v1fFF-XJiYkFl_5UtZCRIAJdyPj2ErIrQCLcB\/s1600\/Medalha%2B%25282%2529.jpg\" imageanchor=\"1\" style=\"margin-left: 1em; margin-right: 1em;\"><img loading=\"lazy\" decoding=\"async\" border=\"0\" height=\"400\" src=\"http:\/\/blogdoedvaldomagalhaes.com.br\/wp-content\/uploads\/2016\/08\/Medalha28229.jpg\" width=\"300\" \/><\/a><\/div>\n<p><\/p>\n<div class=\"separator\" style=\"clear: both; text-align: center;\">\n<a href=\"https:\/\/3.bp.blogspot.com\/-kqaxqHH-h68\/V7W_-0LG0KI\/AAAAAAAAEr4\/FUr737MGh2stv1kiKFO2ZvSdTP9VuNvVACLcB\/s1600\/Medalha%2B%25283%2529.jpg\" imageanchor=\"1\" style=\"margin-left: 1em; margin-right: 1em;\"><img loading=\"lazy\" decoding=\"async\" border=\"0\" height=\"300\" src=\"http:\/\/blogdoedvaldomagalhaes.com.br\/wp-content\/uploads\/2016\/08\/Medalha28329.jpg\" width=\"400\" \/><\/a><\/div>\n<p><\/div>\n","protected":false},"excerpt":{"rendered":"<p>Jos\u00e9 Edilson Alves da Silva (Kintura), representante comercial e promotor do evento &#8220;Os Iguais&#8221;, recebeu na manh\u00e3 desta quinta-feira (18)&hellip;<\/p>\n","protected":false},"author":1,"featured_media":0,"comment_status":"open","ping_status":"open","sticky":false,"template":"","format":"standard","meta":{"footnotes":""},"categories":[1],"tags":[2,12766,12767,6,12768],"class_list":["post-8585","post","type-post","status-publish","format-standard","hentry","category-sem-categoria","tag-blog-do-edvaldo-magalhaes","tag-jose-edilson-alves-da-silva-kintura","tag-medalha-de-honra-ao-merito-onildo-almeida","tag-noticias","tag-os-iguais"],"_links":{"self":[{"href":"https:\/\/blogdoedvaldomagalhaes.com.br\/index.php\/wp-json\/wp\/v2\/posts\/8585","targetHints":{"allow":["GET"]}}],"collection":[{"href":"https:\/\/blogdoedvaldomagalhaes.com.br\/index.php\/wp-json\/wp\/v2\/posts"}],"about":[{"href":"https:\/\/blogdoedvaldomagalhaes.com.br\/index.php\/wp-json\/wp\/v2\/types\/post"}],"author":[{"embeddable":true,"href":"https:\/\/blogdoedvaldomagalhaes.com.br\/index.php\/wp-json\/wp\/v2\/users\/1"}],"replies":[{"embeddable":true,"href":"https:\/\/blogdoedvaldomagalhaes.com.br\/index.php\/wp-json\/wp\/v2\/comments?post=8585"}],"version-history":[{"count":1,"href":"https:\/\/blogdoedvaldomagalhaes.com.br\/index.php\/wp-json\/wp\/v2\/posts\/8585\/revisions"}],"predecessor-version":[{"id":11520,"href":"https:\/\/blogdoedvaldomagalhaes.com.br\/index.php\/wp-json\/wp\/v2\/posts\/8585\/revisions\/11520"}],"wp:attachment":[{"href":"https:\/\/blogdoedvaldomagalhaes.com.br\/index.php\/wp-json\/wp\/v2\/media?parent=8585"}],"wp:term":[{"taxonomy":"category","embeddable":true,"href":"https:\/\/blogdoedvaldomagalhaes.com.br\/index.php\/wp-json\/wp\/v2\/categories?post=8585"},{"taxonomy":"post_tag","embeddable":true,"href":"https:\/\/blogdoedvaldomagalhaes.com.br\/index.php\/wp-json\/wp\/v2\/tags?post=8585"}],"curies":[{"name":"wp","href":"https:\/\/api.w.org\/{rel}","templated":true}]}}