{"id":8582,"date":"2016-08-18T16:15:00","date_gmt":"2016-08-18T19:15:00","guid":{"rendered":"http:\/\/blogdoedvaldomagalhaes.com.br\/index.php\/2016\/08\/18\/a-policia-civil-realizou-na-manha-desta\/"},"modified":"2019-02-09T00:55:37","modified_gmt":"2019-02-09T02:55:37","slug":"a-policia-civil-realizou-na-manha-desta","status":"publish","type":"post","link":"https:\/\/blogdoedvaldomagalhaes.com.br\/index.php\/2016\/08\/18\/a-policia-civil-realizou-na-manha-desta\/","title":{"rendered":"Opera\u00e7\u00e3o Falc\u00e3o da Pol\u00edcia Civil desarticula a\u00e7\u00e3o crimonosa em quatro cidades"},"content":{"rendered":"<div dir=\"ltr\" style=\"background-color: white; text-align: justify;\">\n<div class=\"separator\" style=\"clear: both; text-align: center;\">\n<\/div>\n<div class=\"separator\" style=\"clear: both; text-align: center;\">\n<a href=\"https:\/\/3.bp.blogspot.com\/-8Ym27rA2ABg\/V7XhYgsLAoI\/AAAAAAAAEs0\/l7bicK2ituYci--ysGJbzpnIaqRie_1pACLcB\/s1600\/goe.jpg\" imageanchor=\"1\" style=\"margin-left: 1em; margin-right: 1em;\"><img loading=\"lazy\" decoding=\"async\" border=\"0\" height=\"300\" src=\"http:\/\/blogdoedvaldomagalhaes.com.br\/wp-content\/uploads\/2016\/08\/goe.jpg\" width=\"400\" \/><\/a><\/div>\n<div class=\"separator\" style=\"clear: both; text-align: center;\">\nFoto: Marlon Costa\/Pernambuco Press<\/div>\n<div class=\"separator\" style=\"clear: both; text-align: center;\">\n<\/div>\n<p>A Pol\u00edcia Civil realizou na manh\u00e3 desta quinta-feira (18) a Opera\u00e7\u00e3o Falc\u00e3o, sendo a 22\u00aa Opera\u00e7\u00e3o de Repress\u00e3o Qualificada de 2016, decorrente de investiga\u00e7\u00e3o realizada pela 11\u00aa Delegacia de Pol\u00edcia de Homic\u00eddios, da Divis\u00e3o de Homic\u00eddios Metropolitana Sul, DHMS\/DIRESP, sob a presid\u00eancia dos Delegados Francisco J\u00fanior e Felipe Monteiro.<\/p>\n<p>A opera\u00e7\u00e3o teve o objetivo de desarticular uma associa\u00e7\u00e3o criminosa voltada a pr\u00e1tica de homic\u00eddios, roubos, extors\u00e3o e tr\u00e1fico de entorpecentes, com atua\u00e7\u00e3o nos bairros de Guararapes, Prazeres, Jardim Prazeres e Cajueiro Seco. Na opera\u00e7\u00e3o foram cumpridos quinze mandados de pris\u00e3o tempor\u00e1ria, dois deles em desfavor de recolhidos no Sistema Prisional, e treze mandados de busca e apreens\u00e3o domiciliar, nas cidades de Jaboat\u00e3o, Camaragibe, Caruaru e Ribeir\u00e3o.<\/p>\n<p>Um policial militar do 6\u00ba Batalh\u00e3o de Pol\u00edcia est\u00e1 entre as 12 pessoas presas.&nbsp;A Pol\u00edcia Civil de Pernambuco tamb\u00e9m cumpriu mais dois mandados de pris\u00e3o contra alvos que j\u00e1 est\u00e3o no sistema penitenci\u00e1rio. Um suspeito ainda est\u00e1 foragido. Al\u00e9m dos 15 mandados de pris\u00e3o previstos, os agentes cumpriram 13 mandados de busca e apreens\u00e3o domiciliar em Jaboat\u00e3o, e Camaragibe, no Grande Recife, al\u00e9m de&nbsp;<a class=\"premium-tip\" href=\"http:\/\/g1.globo.com\/pe\/pernambuco\/cidade\/ribeirao.html\" style=\"background-attachment: initial; background-clip: initial; background-color: transparent; background-image: initial; background-origin: initial; background-position: initial; background-repeat: initial; background-size: initial; font-family: Arial, Helvetica, sans-serif; letter-spacing: -0.32px; line-height: 23.2px; margin: 0px; outline: 0px; padding: 0px; text-decoration: none;\">Ribeir\u00e3o<\/a>, na Zona da Mata Sul, e&nbsp;<a class=\"premium-tip\" href=\"http:\/\/g1.globo.com\/pe\/caruaru-regiao\/cidade\/caruaru.html\" style=\"background-attachment: initial; background-clip: initial; background-color: transparent; background-image: initial; background-origin: initial; background-position: initial; background-repeat: initial; background-size: initial; font-family: Arial, Helvetica, sans-serif; font-weight: bold; letter-spacing: -0.32px; line-height: 23.2px; margin: 0px; outline: 0px; padding: 0px; text-decoration: none;\">Caruaru<\/a>, no Agreste.&nbsp;Os presos e os materiais apreendidos foram encaminhados para a sede do Grupo de Opera\u00e7\u00f5es Especiais &#8211; GOE, no bairro do Cordeiro, Recife\/PE, local onde foi divulgado o balan\u00e7o parcial da opera\u00e7\u00e3o, &nbsp;pelo Delegado Salustiano Albuquerque, Diretor da DIRESP.<\/p>\n<p>Os detalhes da investiga\u00e7\u00e3o que culminaram na opera\u00e7\u00e3o Fac\u00e3o, ser\u00e3o divulgados no dia nesta sexta-feira (19), \u00e0s 09H30, no auditorio da Sede Operacional da Policia Civil, situada na Rua da Aurora, Boa Vista, Recife.<\/p><\/div>\n","protected":false},"excerpt":{"rendered":"<p>Foto: Marlon Costa\/Pernambuco Press A Pol\u00edcia Civil realizou na manh\u00e3 desta quinta-feira (18) a Opera\u00e7\u00e3o Falc\u00e3o, sendo a 22\u00aa Opera\u00e7\u00e3o&hellip;<\/p>\n","protected":false},"author":1,"featured_media":0,"comment_status":"open","ping_status":"open","sticky":false,"template":"","format":"standard","meta":{"footnotes":""},"categories":[1],"tags":[2,10577,11176,7277,1950,12757,13,4080,12758],"class_list":["post-8582","post","type-post","status-publish","format-standard","hentry","category-sem-categoria","tag-blog-do-edvaldo-magalhaes","tag-camaragibe","tag-goe","tag-jaboatao-dos-guararapes","tag-noticias-de-caruaru","tag-operacao-falcao","tag-policial","tag-ribeirao","tag-sede-operacional-da-policia-civil"],"_links":{"self":[{"href":"https:\/\/blogdoedvaldomagalhaes.com.br\/index.php\/wp-json\/wp\/v2\/posts\/8582","targetHints":{"allow":["GET"]}}],"collection":[{"href":"https:\/\/blogdoedvaldomagalhaes.com.br\/index.php\/wp-json\/wp\/v2\/posts"}],"about":[{"href":"https:\/\/blogdoedvaldomagalhaes.com.br\/index.php\/wp-json\/wp\/v2\/types\/post"}],"author":[{"embeddable":true,"href":"https:\/\/blogdoedvaldomagalhaes.com.br\/index.php\/wp-json\/wp\/v2\/users\/1"}],"replies":[{"embeddable":true,"href":"https:\/\/blogdoedvaldomagalhaes.com.br\/index.php\/wp-json\/wp\/v2\/comments?post=8582"}],"version-history":[{"count":1,"href":"https:\/\/blogdoedvaldomagalhaes.com.br\/index.php\/wp-json\/wp\/v2\/posts\/8582\/revisions"}],"predecessor-version":[{"id":11526,"href":"https:\/\/blogdoedvaldomagalhaes.com.br\/index.php\/wp-json\/wp\/v2\/posts\/8582\/revisions\/11526"}],"wp:attachment":[{"href":"https:\/\/blogdoedvaldomagalhaes.com.br\/index.php\/wp-json\/wp\/v2\/media?parent=8582"}],"wp:term":[{"taxonomy":"category","embeddable":true,"href":"https:\/\/blogdoedvaldomagalhaes.com.br\/index.php\/wp-json\/wp\/v2\/categories?post=8582"},{"taxonomy":"post_tag","embeddable":true,"href":"https:\/\/blogdoedvaldomagalhaes.com.br\/index.php\/wp-json\/wp\/v2\/tags?post=8582"}],"curies":[{"name":"wp","href":"https:\/\/api.w.org\/{rel}","templated":true}]}}