{"id":8578,"date":"2016-08-19T13:55:00","date_gmt":"2016-08-19T16:55:00","guid":{"rendered":"http:\/\/blogdoedvaldomagalhaes.com.br\/index.php\/2016\/08\/19\/ministro-do-stj-esta-na-asces-unita\/"},"modified":"2019-02-09T00:55:38","modified_gmt":"2019-02-09T02:55:38","slug":"ministro-do-stj-esta-na-asces-unita","status":"publish","type":"post","link":"https:\/\/blogdoedvaldomagalhaes.com.br\/index.php\/2016\/08\/19\/ministro-do-stj-esta-na-asces-unita\/","title":{"rendered":"Ministro do STJ  est\u00e1 na Asces-Unita"},"content":{"rendered":"<div class=\"separator\" style=\"clear: both; text-align: center;\">\n<a href=\"https:\/\/4.bp.blogspot.com\/-rfFyT1APqGo\/V7cPXz11d4I\/AAAAAAAAEvU\/pT3ncbDYV0w2mQpox4ftSvEKVYTOEBxowCLcB\/s1600\/Asces%2B%25282%2529.jpg\" imageanchor=\"1\" style=\"margin-left: 1em; margin-right: 1em;\"><img loading=\"lazy\" decoding=\"async\" border=\"0\" height=\"240\" src=\"http:\/\/blogdoedvaldomagalhaes.com.br\/wp-content\/uploads\/2016\/08\/Asces28229.jpg\" width=\"320\" \/><\/a><\/div>\n<div style=\"text-align: justify;\">\n<\/div>\n<div style=\"text-align: justify;\">\nO Ministro do Superior Tribunal de Justi\u00e7a, Reynaldo da Fonseca, est\u00e1 participando do III Congresso Nacional de Comunh\u00e3o e Direito (CeD). O evento est\u00e1 sendo realizado at\u00e9 este s\u00e1bado (20), no Campus da Asces-Unita.<br \/>\nEm entrevista \u00e0 R\u00e1dio Liberdade, ele falou da import\u00e2ncia de um evento como este para Caruaru.<br \/>\n<\/p>\n<div style=\"text-align: justify;\">\n<\/div>\n<div style=\"text-align: justify;\">\n<a href=\"http:\/\/liberdade.com.br\/player_noticias.php?id=66\">Ou\u00e7a a reportagem <\/a><\/div>\n<\/div>\n<div style=\"text-align: justify;\">\n<\/div>\n<div class=\"separator\" style=\"clear: both; text-align: center;\">\n<a href=\"https:\/\/1.bp.blogspot.com\/-vk_TboDXFg4\/V7cPX1MmmSI\/AAAAAAAAEvQ\/GM-fSwDnwmszevoK9zWey22aHG-rxytfACLcB\/s1600\/Asces%2B%25283%2529.jpg\" imageanchor=\"1\" style=\"margin-left: 1em; margin-right: 1em;\"><img loading=\"lazy\" decoding=\"async\" border=\"0\" height=\"240\" src=\"http:\/\/blogdoedvaldomagalhaes.com.br\/wp-content\/uploads\/2016\/08\/Asces28329.jpg\" width=\"320\" \/><\/a><\/div>\n<div class=\"separator\" style=\"clear: both; text-align: center;\">\n<\/div>\n<div class=\"separator\" style=\"clear: both; text-align: center;\">\n<a href=\"https:\/\/2.bp.blogspot.com\/-bAhVC5XhtmQ\/V7cPXdFYdfI\/AAAAAAAAEvM\/xPRA8IZ4vsQNlWZIXBelGv4mZOntyWolACLcB\/s1600\/Asces%2B%25281%2529.jpg\" imageanchor=\"1\" style=\"margin-left: 1em; margin-right: 1em;\"><img loading=\"lazy\" decoding=\"async\" border=\"0\" height=\"240\" src=\"http:\/\/blogdoedvaldomagalhaes.com.br\/wp-content\/uploads\/2016\/08\/Asces28129.jpg\" width=\"320\" \/><\/a><\/div>\n","protected":false},"excerpt":{"rendered":"<p>O Ministro do Superior Tribunal de Justi\u00e7a, Reynaldo da Fonseca, est\u00e1 participando do III Congresso Nacional de Comunh\u00e3o e Direito&hellip;<\/p>\n","protected":false},"author":1,"featured_media":0,"comment_status":"open","ping_status":"open","sticky":false,"template":"","format":"standard","meta":{"footnotes":""},"categories":[1],"tags":[1513,2,12749,6,12750,5886],"class_list":["post-8578","post","type-post","status-publish","format-standard","hentry","category-sem-categoria","tag-asces-unita","tag-blog-do-edvaldo-magalhaes","tag-iii-congresso-nacional-de-comunhao-e-direito-ced","tag-noticias","tag-reynaldo-da-fonseca","tag-superior-tribunal-de-justica"],"_links":{"self":[{"href":"https:\/\/blogdoedvaldomagalhaes.com.br\/index.php\/wp-json\/wp\/v2\/posts\/8578","targetHints":{"allow":["GET"]}}],"collection":[{"href":"https:\/\/blogdoedvaldomagalhaes.com.br\/index.php\/wp-json\/wp\/v2\/posts"}],"about":[{"href":"https:\/\/blogdoedvaldomagalhaes.com.br\/index.php\/wp-json\/wp\/v2\/types\/post"}],"author":[{"embeddable":true,"href":"https:\/\/blogdoedvaldomagalhaes.com.br\/index.php\/wp-json\/wp\/v2\/users\/1"}],"replies":[{"embeddable":true,"href":"https:\/\/blogdoedvaldomagalhaes.com.br\/index.php\/wp-json\/wp\/v2\/comments?post=8578"}],"version-history":[{"count":1,"href":"https:\/\/blogdoedvaldomagalhaes.com.br\/index.php\/wp-json\/wp\/v2\/posts\/8578\/revisions"}],"predecessor-version":[{"id":11544,"href":"https:\/\/blogdoedvaldomagalhaes.com.br\/index.php\/wp-json\/wp\/v2\/posts\/8578\/revisions\/11544"}],"wp:attachment":[{"href":"https:\/\/blogdoedvaldomagalhaes.com.br\/index.php\/wp-json\/wp\/v2\/media?parent=8578"}],"wp:term":[{"taxonomy":"category","embeddable":true,"href":"https:\/\/blogdoedvaldomagalhaes.com.br\/index.php\/wp-json\/wp\/v2\/categories?post=8578"},{"taxonomy":"post_tag","embeddable":true,"href":"https:\/\/blogdoedvaldomagalhaes.com.br\/index.php\/wp-json\/wp\/v2\/tags?post=8578"}],"curies":[{"name":"wp","href":"https:\/\/api.w.org\/{rel}","templated":true}]}}