{"id":8577,"date":"2016-08-19T15:06:00","date_gmt":"2016-08-19T18:06:00","guid":{"rendered":"http:\/\/blogdoedvaldomagalhaes.com.br\/index.php\/2016\/08\/19\/sabado-tem-aulao-para-ingresso-no-ifpe\/"},"modified":"2019-02-09T00:55:39","modified_gmt":"2019-02-09T02:55:39","slug":"sabado-tem-aulao-para-ingresso-no-ifpe","status":"publish","type":"post","link":"https:\/\/blogdoedvaldomagalhaes.com.br\/index.php\/2016\/08\/19\/sabado-tem-aulao-para-ingresso-no-ifpe\/","title":{"rendered":"S\u00e1bado tem aul\u00e3o para ingresso no IFPE"},"content":{"rendered":"<div class=\"separator\" style=\"clear: both; text-align: center;\">\n<a href=\"https:\/\/2.bp.blogspot.com\/-rADG3-eC9qw\/V7cgUJjHatI\/AAAAAAAAEvk\/VDWQBvABposYppd0hAQBYi9bfezK1FhzQCLcB\/s1600\/aul%25C3%25A3o.jpg\" imageanchor=\"1\" style=\"margin-left: 1em; margin-right: 1em;\"><img loading=\"lazy\" decoding=\"async\" border=\"0\" height=\"210\" src=\"http:\/\/blogdoedvaldomagalhaes.com.br\/wp-content\/uploads\/2016\/08\/aulC3A3o.jpg\" width=\"400\" \/><\/a><\/div>\n<div style=\"list-style: none; text-align: justify;\">\n<\/div>\n<div style=\"list-style: none; text-align: justify;\">\nA&nbsp;Secretaria&nbsp;de&nbsp;Educa\u00e7\u00e3o&nbsp;de Caruaru realiza, neste s\u00e1bado (20), um aul\u00e3o&nbsp;de L\u00edngua Portuguesa e de Matem\u00e1tica. \u00c9 destinado a estudantes do 9\u00ba ano da rede municipal de ensino que desejam ingressar no Instituto Federal de Pernambuco (IFPE).<\/div>\n<div style=\"list-style: none; text-align: justify;\">\n&nbsp;<\/div>\n<div style=\"list-style: none; text-align: justify;\">\nO objetivo \u00e9 proporcionar aos jovens maior conhecimento nas disciplinas, bom desempenho nos conte\u00fados atuais, concretizar o desejo de estudar no IFPE e obter boas notas durante o ano letivo.<\/div>\n<div style=\"list-style: none; text-align: justify;\">\n&nbsp;<\/div>\n<div style=\"list-style: none; text-align: justify;\">\nO aul\u00e3o acontece a partir das 8h, no Col\u00e9gio Professor Machadinho, no bairro S\u00e3o Francisco.<\/div>\n","protected":false},"excerpt":{"rendered":"<p>A&nbsp;Secretaria&nbsp;de&nbsp;Educa\u00e7\u00e3o&nbsp;de Caruaru realiza, neste s\u00e1bado (20), um aul\u00e3o&nbsp;de L\u00edngua Portuguesa e de Matem\u00e1tica. \u00c9 destinado a estudantes do 9\u00ba ano&hellip;<\/p>\n","protected":false},"author":1,"featured_media":0,"comment_status":"open","ping_status":"open","sticky":false,"template":"","format":"standard","meta":{"footnotes":""},"categories":[1],"tags":[107,2,12748,7125,7126,6,1950,5913],"class_list":["post-8577","post","type-post","status-publish","format-standard","hentry","category-sem-categoria","tag-bairro-sao-francisco","tag-blog-do-edvaldo-magalhaes","tag-colegio-professor-machadinho","tag-ifpe","tag-instituto-federal-de-pernambuco","tag-noticias","tag-noticias-de-caruaru","tag-secretaria-de-educacao-de-caruaru"],"_links":{"self":[{"href":"https:\/\/blogdoedvaldomagalhaes.com.br\/index.php\/wp-json\/wp\/v2\/posts\/8577","targetHints":{"allow":["GET"]}}],"collection":[{"href":"https:\/\/blogdoedvaldomagalhaes.com.br\/index.php\/wp-json\/wp\/v2\/posts"}],"about":[{"href":"https:\/\/blogdoedvaldomagalhaes.com.br\/index.php\/wp-json\/wp\/v2\/types\/post"}],"author":[{"embeddable":true,"href":"https:\/\/blogdoedvaldomagalhaes.com.br\/index.php\/wp-json\/wp\/v2\/users\/1"}],"replies":[{"embeddable":true,"href":"https:\/\/blogdoedvaldomagalhaes.com.br\/index.php\/wp-json\/wp\/v2\/comments?post=8577"}],"version-history":[{"count":1,"href":"https:\/\/blogdoedvaldomagalhaes.com.br\/index.php\/wp-json\/wp\/v2\/posts\/8577\/revisions"}],"predecessor-version":[{"id":11546,"href":"https:\/\/blogdoedvaldomagalhaes.com.br\/index.php\/wp-json\/wp\/v2\/posts\/8577\/revisions\/11546"}],"wp:attachment":[{"href":"https:\/\/blogdoedvaldomagalhaes.com.br\/index.php\/wp-json\/wp\/v2\/media?parent=8577"}],"wp:term":[{"taxonomy":"category","embeddable":true,"href":"https:\/\/blogdoedvaldomagalhaes.com.br\/index.php\/wp-json\/wp\/v2\/categories?post=8577"},{"taxonomy":"post_tag","embeddable":true,"href":"https:\/\/blogdoedvaldomagalhaes.com.br\/index.php\/wp-json\/wp\/v2\/tags?post=8577"}],"curies":[{"name":"wp","href":"https:\/\/api.w.org\/{rel}","templated":true}]}}