{"id":8576,"date":"2016-08-19T15:35:00","date_gmt":"2016-08-19T18:35:00","guid":{"rendered":"http:\/\/blogdoedvaldomagalhaes.com.br\/index.php\/2016\/08\/19\/tse-faz-modificacoes-para-aumentar\/"},"modified":"2019-02-09T00:55:42","modified_gmt":"2019-02-09T02:55:42","slug":"tse-faz-modificacoes-para-aumentar","status":"publish","type":"post","link":"https:\/\/blogdoedvaldomagalhaes.com.br\/index.php\/2016\/08\/19\/tse-faz-modificacoes-para-aumentar\/","title":{"rendered":"TSE faz modifica\u00e7\u00f5es para aumentar seguran\u00e7a nas urnas eletr\u00f4nicas"},"content":{"rendered":"<div class=\"separator\" style=\"clear: both; text-align: center;\">\n<a href=\"https:\/\/2.bp.blogspot.com\/-O5tq_E21ydI\/V7cnUQEjIKI\/AAAAAAAAEwI\/q_i1FSXxzdUKDqErkjoqgWS39vFXdyrUACLcB\/s1600\/elei%25C3%25A7%25C3%25B5es.jpg\" imageanchor=\"1\" style=\"margin-left: 1em; margin-right: 1em;\"><img loading=\"lazy\" decoding=\"async\" border=\"0\" height=\"232\" src=\"http:\/\/blogdoedvaldomagalhaes.com.br\/wp-content\/uploads\/2016\/08\/eleiC3A7C3B5es-1.jpg\" width=\"400\" \/><\/a><\/div>\n<div style=\"background-color: white; border: 0px; font-stretch: inherit; font-variant-numeric: inherit; line-height: 20.8px; margin: 0px; padding: 0px; text-align: justify; vertical-align: baseline;\">\n<\/div>\n<div style=\"background-color: white; border: 0px; font-stretch: inherit; font-variant-numeric: inherit; line-height: 20.8px; margin: 0px; padding: 0px; text-align: justify; vertical-align: baseline;\">\nO Tribunal Superior Eleitoral (TSE) informou que solucionou os problemas encontrados no Teste P\u00fablico de Seguran\u00e7a 2016 feito por um grupo de investigadores nas urnas eletr\u00f4nicas no in\u00edcio do ano. As solu\u00e7\u00f5es foram verificadas pelos investigadores nesta quinta-feira (18). Entre as altera\u00e7\u00f5es est\u00e1 a melhoria nos sistemas para a vota\u00e7\u00e3o de eleitores com defici\u00eancia visual.<\/div>\n<div style=\"background-color: white; border: 0px; font-stretch: inherit; font-variant-numeric: inherit; line-height: 20.8px; margin: 0px; padding: 0px; text-align: justify; vertical-align: baseline;\">\n<br style=\"margin: 0px; padding: 0px;\" \/><\/div>\n<div style=\"background-color: white; border: 0px; font-stretch: inherit; font-variant-numeric: inherit; line-height: 20.8px; margin: 0px; padding: 0px; text-align: justify; vertical-align: baseline;\">\nEm mar\u00e7o deste ano, durante tr\u00eas dias, especialistas em inform\u00e1tica tentaram quebrar a seguran\u00e7a das urnas eletr\u00f4nicas. Essa foi a terceira edi\u00e7\u00e3o do teste e o diferencial da edi\u00e7\u00e3o deste ano \u00e9 que foi a primeira depois que o tribunal aprovou uma resolu\u00e7\u00e3o tornando os testes obrigat\u00f3rios antes das elei\u00e7\u00f5es.<\/div>\n<div style=\"background-color: white; border: 0px; font-stretch: inherit; font-variant-numeric: inherit; line-height: 20.8px; margin: 0px; padding: 0px; text-align: justify; vertical-align: baseline;\">\n<br style=\"margin: 0px; padding: 0px;\" \/><\/div>\n<div style=\"background-color: white; border: 0px; font-stretch: inherit; font-variant-numeric: inherit; line-height: 20.8px; margin: 0px; padding: 0px; text-align: justify; vertical-align: baseline;\">\n\u201cNesse momento n\u00f3s estamos justamente no final do evento do teste que \u00e9 a verifica\u00e7\u00e3o da efic\u00e1cia das a\u00e7\u00f5es corretivas adotadas nas fragilidades encontradas nesse teste de seguran\u00e7a\u201d, disse o secret\u00e1rio de Tecnologia da Informa\u00e7\u00e3o do TSE, Giusepe Janino.<\/div>\n","protected":false},"excerpt":{"rendered":"<p>O Tribunal Superior Eleitoral (TSE) informou que solucionou os problemas encontrados no Teste P\u00fablico de Seguran\u00e7a 2016 feito por um&hellip;<\/p>\n","protected":false},"author":1,"featured_media":0,"comment_status":"open","ping_status":"open","sticky":false,"template":"","format":"standard","meta":{"footnotes":""},"categories":[1],"tags":[2,12746,20,12747,6567,4562],"class_list":["post-8576","post","type-post","status-publish","format-standard","hentry","category-sem-categoria","tag-blog-do-edvaldo-magalhaes","tag-giusepe-janino","tag-politica","tag-secretario-de-tecnologia-da-informacao-do-tse","tag-tribunal-superior-eleitoral","tag-tse"],"_links":{"self":[{"href":"https:\/\/blogdoedvaldomagalhaes.com.br\/index.php\/wp-json\/wp\/v2\/posts\/8576","targetHints":{"allow":["GET"]}}],"collection":[{"href":"https:\/\/blogdoedvaldomagalhaes.com.br\/index.php\/wp-json\/wp\/v2\/posts"}],"about":[{"href":"https:\/\/blogdoedvaldomagalhaes.com.br\/index.php\/wp-json\/wp\/v2\/types\/post"}],"author":[{"embeddable":true,"href":"https:\/\/blogdoedvaldomagalhaes.com.br\/index.php\/wp-json\/wp\/v2\/users\/1"}],"replies":[{"embeddable":true,"href":"https:\/\/blogdoedvaldomagalhaes.com.br\/index.php\/wp-json\/wp\/v2\/comments?post=8576"}],"version-history":[{"count":1,"href":"https:\/\/blogdoedvaldomagalhaes.com.br\/index.php\/wp-json\/wp\/v2\/posts\/8576\/revisions"}],"predecessor-version":[{"id":11548,"href":"https:\/\/blogdoedvaldomagalhaes.com.br\/index.php\/wp-json\/wp\/v2\/posts\/8576\/revisions\/11548"}],"wp:attachment":[{"href":"https:\/\/blogdoedvaldomagalhaes.com.br\/index.php\/wp-json\/wp\/v2\/media?parent=8576"}],"wp:term":[{"taxonomy":"category","embeddable":true,"href":"https:\/\/blogdoedvaldomagalhaes.com.br\/index.php\/wp-json\/wp\/v2\/categories?post=8576"},{"taxonomy":"post_tag","embeddable":true,"href":"https:\/\/blogdoedvaldomagalhaes.com.br\/index.php\/wp-json\/wp\/v2\/tags?post=8576"}],"curies":[{"name":"wp","href":"https:\/\/api.w.org\/{rel}","templated":true}]}}