{"id":8575,"date":"2016-08-19T15:53:00","date_gmt":"2016-08-19T18:53:00","guid":{"rendered":"http:\/\/blogdoedvaldomagalhaes.com.br\/index.php\/2016\/08\/19\/ballet-do-avioes-do-forro-chega-ao-fi\/"},"modified":"2019-02-09T00:55:42","modified_gmt":"2019-02-09T02:55:42","slug":"ballet-do-avioes-do-forro-chega-ao-fi","status":"publish","type":"post","link":"https:\/\/blogdoedvaldomagalhaes.com.br\/index.php\/2016\/08\/19\/ballet-do-avioes-do-forro-chega-ao-fi\/","title":{"rendered":"Ballet do Avi\u00f5es do Forr\u00f3 chega ao fim, dan\u00e7arinas se despedem nas redes sociais"},"content":{"rendered":"<div class=\"separator\" style=\"clear: both; text-align: center;\">\n<a href=\"https:\/\/3.bp.blogspot.com\/--mwZaEQG0tM\/V7crS46qdQI\/AAAAAAAAEwU\/VmjIrodMUrUMCfJfk0Ojs_TATYoGi3rGwCLcB\/s1600\/avi%25C3%25B5es.jpg\" imageanchor=\"1\" style=\"margin-left: 1em; margin-right: 1em;\"><img loading=\"lazy\" decoding=\"async\" border=\"0\" height=\"267\" src=\"http:\/\/blogdoedvaldomagalhaes.com.br\/wp-content\/uploads\/2016\/08\/aviC3B5es.jpg\" width=\"400\" \/><\/a><\/div>\n<div class=\"MsoNormal\" style=\"background-color: white; line-height: 20.286px; text-align: justify;\">\n<\/div>\n<div class=\"MsoNormal\" style=\"background-color: white; line-height: 20.286px; text-align: justify;\">\nUma not\u00edcia pegou de surpresa os f\u00e3s da banda Avi\u00f5es do Forr\u00f3.A partir de agora o grupo liderado por Xand e Solange Almeida n\u00e3o ter\u00e1 mais ballet. Sucesso nos shows, as dan\u00e7arinas da banda cearense anunciou a novidade no perfil oficial nas redes sociais.&#8221;Com muita TRISTEZA que TERMINA o @balletdoavioes Obrigado a todos, quem sabe, at\u00e9 BREVE&#8221;, postou a p\u00e1gina.<\/p>\n<p><\/p>\n<div class=\"separator\" style=\"clear: both; text-align: center;\">\n<a href=\"https:\/\/2.bp.blogspot.com\/-u-DsUqXVD7Y\/V7dD2RZrWzI\/AAAAAAAAEww\/gGNydkAtORQYDy7ZTG_xfM-2gSWwQ5GZwCLcB\/s1600\/ballet.jpg\" imageanchor=\"1\" style=\"margin-left: 1em; margin-right: 1em;\"><img loading=\"lazy\" decoding=\"async\" border=\"0\" height=\"256\" src=\"http:\/\/blogdoedvaldomagalhaes.com.br\/wp-content\/uploads\/2016\/08\/ballet.jpg\" width=\"400\" \/><\/a><\/div>\n<p><\/div>\n<div class=\"MsoNormal\" style=\"background-color: white; line-height: 20.286px; text-align: justify;\">\nTodas as dan\u00e7arinas utilizaram seus perfis nas redes para escrever um texto de despedida da banda.&#8221;Despedir-se n\u00e3o \u00e9 dizer adeus, \u00e9 apoiar e desejar sucesso para uma nova jornada que est\u00e1 s\u00f3 come\u00e7ando. Hoje com cora\u00e7\u00e3o apertado, por\u00e9m com grande alegria o ballet se despede do avi\u00f5es&#8221;&#8230;, postou Tassia Lins.<\/div>\n<div class=\"MsoNormal\" style=\"background-color: white; line-height: 20.286px; text-align: justify;\">\n<\/div>\n<div style=\"text-align: justify;\">\n<a href=\"https:\/\/www.blogger.com\/null\" name=\"more\" style=\"background-color: white; line-height: 20.286px;\"><\/a><br style=\"background-color: white; line-height: 20.286px;\" \/><\/div>\n<div class=\"MsoNormal\" style=\"background-color: white; line-height: 20.286px; text-align: justify;\">\nCamila Spagno tamb\u00e9m se manifestou sobre o assunto no Instagram.&#8221;O destino une e separa pessoas, mas nenhuma for\u00e7a \u00e9 t\u00e3o grande para fazer esquecer as pessoas que por algum motivo um dia nos fizeram t\u00e3o felizes. E hoje \u00e9 isso que tenho para dizer: Fui muito feliz!!!Dan\u00e7ar no avi\u00f5es foi um sonho que eu tinha e que com muita garra,eu consegui!&#8230; &#8220;, escreveu.<\/div>\n<div class=\"MsoNormal\" style=\"background-color: white; line-height: 20.286px; text-align: justify;\">\n<\/div>\n<div class=\"MsoNormal\" style=\"background-color: white; line-height: 20.286px; text-align: justify;\">\nDaiane Lopes tamb\u00e9m usou as redes sociais para se despedir.&#8221;Nunca imaginei que esse momento chegaria t\u00e3o r\u00e1pido, apesar de j\u00e1 terem se passado 6 anos (entre idas e vindas), parece que foi ontem \u00e0 primeira vez que entrei no palco ao lado dessa banda excepcional. Cada show, cada momento, cada um de voc\u00eas marcou de forma muito positiva a minha historia e levarei cada ensinamento por toda a minha vida&#8230;&#8221;, disse.<\/div>\n<div class=\"MsoNormal\" style=\"background-color: white; line-height: 20.286px; text-align: justify;\">\n<\/div>\n<div class=\"MsoNormal\" style=\"background-color: white; line-height: 20.286px; text-align: justify;\">\nJ\u00e1 Tha\u00eds Leila publicou um v\u00eddeo nas redes e disse estar bastante emocionada.&#8221;Dedico a voc\u00eas meninas @camilaspagnol @tassialiins @thathyanatavares @daiane_lopes Hoje com cora\u00e7\u00e3o apertado, por\u00e9m com grande alegria me despe\u00e7o do ballet do avi\u00f5es. Sinto que estou encerrando uma etapa da minha vida e dando o pontap\u00e9 no meu futuro. Foram 13 anos dan\u00e7ando, 6 anos de Avioes. \u00c9 claro que o cora\u00e7\u00e3o aperta, que as l\u00e1grimas caem, que a saudade j\u00e1 invade&#8230;&#8221;, publicou.<\/div>\n<div style=\"text-align: justify;\">\n<br style=\"background-color: white; line-height: 20.286px;\" \/><\/div>\n<div class=\"MsoNormal\" style=\"background-color: white; line-height: 20.286px; text-align: justify;\">\nA dan\u00e7arina Thathy Tavares tamb\u00e9m usou o seu perfil no Instagram para dar adeus ao grupo.&#8221;&#8216;J\u00e1 est\u00e1 chegando a hora de ir&#8230;&#8217;. Essa frase \u00e9 bonita para se cantar, mas muito triste de se viver, por isso que hoje tenho l\u00e1grimas nos olhos e cora\u00e7\u00e3o apertado ao ver o ballet se despedir da banda avi\u00f5es do forr\u00f3. Encerra-se uma etapa da minha vida em que fui estupidamente plena e feliz. S\u00e3o tantas hist\u00f3rias e experi\u00eancias para contar que n\u00e3o \u00e9 poss\u00edvel dizer qual foi a mais marcante&#8230;&#8221;, declarou.&nbsp;(Via: Boc\u00e3o News)<\/p>\n<div class=\"separator\" style=\"clear: both; text-align: center;\">\n<a href=\"https:\/\/4.bp.blogspot.com\/-wA6AMtZtvUg\/V7dDiscpsQI\/AAAAAAAAEws\/GRkZyXMpciQnMgcHQMKcMtqdgmOzVqPbACLcB\/s1600\/av%25C3%25B5es.jpg\" imageanchor=\"1\" style=\"margin-left: 1em; margin-right: 1em;\"><img loading=\"lazy\" decoding=\"async\" border=\"0\" height=\"400\" src=\"http:\/\/blogdoedvaldomagalhaes.com.br\/wp-content\/uploads\/2016\/08\/avC3B5es.jpg\" width=\"400\" \/><\/a><\/div>\n<p><\/p>\n<div class=\"separator\" style=\"clear: both; text-align: center;\">\n<\/div>\n<\/div>\n","protected":false},"excerpt":{"rendered":"<p>Uma not\u00edcia pegou de surpresa os f\u00e3s da banda Avi\u00f5es do Forr\u00f3.A partir de agora o grupo liderado por Xand&hellip;<\/p>\n","protected":false},"author":1,"featured_media":0,"comment_status":"open","ping_status":"open","sticky":false,"template":"","format":"standard","meta":{"footnotes":""},"categories":[1],"tags":[12740,12741,2,12742,12743,6,12744,12745],"class_list":["post-8575","post","type-post","status-publish","format-standard","hentry","category-sem-categoria","tag-ballet-do-avioes-do-forro-chega-ao-fim","tag-banda-avioes-do-forro","tag-blog-do-edvaldo-magalhaes","tag-camila-spagno","tag-dancarinas-se-despedem-nas-redes-sociais","tag-noticias","tag-thais-leila","tag-thathy-tavares"],"_links":{"self":[{"href":"https:\/\/blogdoedvaldomagalhaes.com.br\/index.php\/wp-json\/wp\/v2\/posts\/8575","targetHints":{"allow":["GET"]}}],"collection":[{"href":"https:\/\/blogdoedvaldomagalhaes.com.br\/index.php\/wp-json\/wp\/v2\/posts"}],"about":[{"href":"https:\/\/blogdoedvaldomagalhaes.com.br\/index.php\/wp-json\/wp\/v2\/types\/post"}],"author":[{"embeddable":true,"href":"https:\/\/blogdoedvaldomagalhaes.com.br\/index.php\/wp-json\/wp\/v2\/users\/1"}],"replies":[{"embeddable":true,"href":"https:\/\/blogdoedvaldomagalhaes.com.br\/index.php\/wp-json\/wp\/v2\/comments?post=8575"}],"version-history":[{"count":1,"href":"https:\/\/blogdoedvaldomagalhaes.com.br\/index.php\/wp-json\/wp\/v2\/posts\/8575\/revisions"}],"predecessor-version":[{"id":11552,"href":"https:\/\/blogdoedvaldomagalhaes.com.br\/index.php\/wp-json\/wp\/v2\/posts\/8575\/revisions\/11552"}],"wp:attachment":[{"href":"https:\/\/blogdoedvaldomagalhaes.com.br\/index.php\/wp-json\/wp\/v2\/media?parent=8575"}],"wp:term":[{"taxonomy":"category","embeddable":true,"href":"https:\/\/blogdoedvaldomagalhaes.com.br\/index.php\/wp-json\/wp\/v2\/categories?post=8575"},{"taxonomy":"post_tag","embeddable":true,"href":"https:\/\/blogdoedvaldomagalhaes.com.br\/index.php\/wp-json\/wp\/v2\/tags?post=8575"}],"curies":[{"name":"wp","href":"https:\/\/api.w.org\/{rel}","templated":true}]}}