{"id":8571,"date":"2016-08-19T19:07:00","date_gmt":"2016-08-19T22:07:00","guid":{"rendered":"http:\/\/blogdoedvaldomagalhaes.com.br\/index.php\/2016\/08\/19\/jorge-gomes-e-louise-caroline-inaugura\/"},"modified":"2019-02-09T00:55:43","modified_gmt":"2019-02-09T02:55:43","slug":"jorge-gomes-e-louise-caroline-inaugura","status":"publish","type":"post","link":"https:\/\/blogdoedvaldomagalhaes.com.br\/index.php\/2016\/08\/19\/jorge-gomes-e-louise-caroline-inaugura\/","title":{"rendered":"Jorge Gomes e Louise Caroline inauguram comit\u00ea eleitoral"},"content":{"rendered":"<div class=\"separator\" style=\"clear: both; text-align: center;\">\n<a href=\"https:\/\/2.bp.blogspot.com\/-5jJ8Y8TySlg\/V7dZBRTDMOI\/AAAAAAAAEyc\/MQ78Zfopn10vgl3uQf_OWUjK4HDdP7LrgCLcB\/s1600\/e%2Blouise.jpg\" imageanchor=\"1\" style=\"margin-left: 1em; margin-right: 1em;\"><img loading=\"lazy\" decoding=\"async\" border=\"0\" height=\"266\" src=\"http:\/\/blogdoedvaldomagalhaes.com.br\/wp-content\/uploads\/2016\/08\/elouise.jpg\" width=\"400\" \/><\/a><\/div>\n<div class=\"separator\" style=\"background-color: white; clear: both; line-height: 20.79px; text-align: justify;\">\n<\/div>\n<div class=\"separator\" style=\"background-color: white; clear: both; line-height: 20.79px; text-align: justify;\">\nJorge Gomes (PSB) e Louise Caroline (PT), inauguram o comit\u00ea eleitoral \u00e1s 20h deste s\u00e1bado (20), na avenida Agamenon Magalh\u00e3es, a casa onde residiu o prefeito Jos\u00e9 Queiroz (PDT), no bairro Maur\u00edcio de Nassau.<\/div>\n<div class=\"separator\" style=\"background-color: white; clear: both; line-height: 20.79px; text-align: justify;\">\n<\/div>\n<div style=\"background-color: white; line-height: 20.79px; text-align: justify;\">\nUm comit\u00ea de campanha \u00e9 o centro aglutinador de todas as atividades pol\u00edticas, onde os candidatos, militantes, eleitores e todos os que procuram participar da campanha v\u00e3o. Nos \u00faltimos anos, os candidatos t\u00eam criado comit\u00eas especializados: Juvenil, Feminino, Oper\u00e1rio, Infantil, etc.<\/div>\n","protected":false},"excerpt":{"rendered":"<p>Jorge Gomes (PSB) e Louise Caroline (PT), inauguram o comit\u00ea eleitoral \u00e1s 20h deste s\u00e1bado (20), na avenida Agamenon Magalh\u00e3es,&hellip;<\/p>\n","protected":false},"author":1,"featured_media":0,"comment_status":"open","ping_status":"open","sticky":false,"template":"","format":"standard","meta":{"footnotes":""},"categories":[1],"tags":[3558,1413,2,12736,5152,3634,20],"class_list":["post-8571","post","type-post","status-publish","format-standard","hentry","category-sem-categoria","tag-avenida-agamenon-magalhaes","tag-bairro-mauricio-de-nassau","tag-blog-do-edvaldo-magalhaes","tag-jorge-gomes-e-louise-caroline-inauguram-comite-eleitoral","tag-jose-queiroz","tag-pdt","tag-politica"],"_links":{"self":[{"href":"https:\/\/blogdoedvaldomagalhaes.com.br\/index.php\/wp-json\/wp\/v2\/posts\/8571","targetHints":{"allow":["GET"]}}],"collection":[{"href":"https:\/\/blogdoedvaldomagalhaes.com.br\/index.php\/wp-json\/wp\/v2\/posts"}],"about":[{"href":"https:\/\/blogdoedvaldomagalhaes.com.br\/index.php\/wp-json\/wp\/v2\/types\/post"}],"author":[{"embeddable":true,"href":"https:\/\/blogdoedvaldomagalhaes.com.br\/index.php\/wp-json\/wp\/v2\/users\/1"}],"replies":[{"embeddable":true,"href":"https:\/\/blogdoedvaldomagalhaes.com.br\/index.php\/wp-json\/wp\/v2\/comments?post=8571"}],"version-history":[{"count":1,"href":"https:\/\/blogdoedvaldomagalhaes.com.br\/index.php\/wp-json\/wp\/v2\/posts\/8571\/revisions"}],"predecessor-version":[{"id":11560,"href":"https:\/\/blogdoedvaldomagalhaes.com.br\/index.php\/wp-json\/wp\/v2\/posts\/8571\/revisions\/11560"}],"wp:attachment":[{"href":"https:\/\/blogdoedvaldomagalhaes.com.br\/index.php\/wp-json\/wp\/v2\/media?parent=8571"}],"wp:term":[{"taxonomy":"category","embeddable":true,"href":"https:\/\/blogdoedvaldomagalhaes.com.br\/index.php\/wp-json\/wp\/v2\/categories?post=8571"},{"taxonomy":"post_tag","embeddable":true,"href":"https:\/\/blogdoedvaldomagalhaes.com.br\/index.php\/wp-json\/wp\/v2\/tags?post=8571"}],"curies":[{"name":"wp","href":"https:\/\/api.w.org\/{rel}","templated":true}]}}