{"id":85707,"date":"2022-07-27T16:50:50","date_gmt":"2022-07-27T19:50:50","guid":{"rendered":"https:\/\/blogdoedvaldomagalhaes.com.br\/?p=85707"},"modified":"2022-07-27T16:50:52","modified_gmt":"2022-07-27T19:50:52","slug":"marilia-arraes-participa-do-lancamento-da-pre-candidatura-de-armandinho-dantas-a-deputado-estadual-em-caruaru","status":"publish","type":"post","link":"https:\/\/blogdoedvaldomagalhaes.com.br\/index.php\/2022\/07\/27\/marilia-arraes-participa-do-lancamento-da-pre-candidatura-de-armandinho-dantas-a-deputado-estadual-em-caruaru\/","title":{"rendered":"Mar\u00edlia Arraes participa do lan\u00e7amento da pr\u00e9-candidatura de Armandinho Dantas a deputado estadual em Caruaru"},"content":{"rendered":"<p style=\"text-align: justify;\"><span style=\"font-size: inherit;\">Depois de passar por seis munic\u00edpios nos \u00faltimos dias, a pr\u00e9-candidata ao Governo de Pernambuco, Mar\u00edlia Arraes, e o pr\u00e9-candidato ao Senado, Andr\u00e9 de Paula, participaram, na noite dessa ter\u00e7a-feira (27), do lan\u00e7amento da pr\u00e9-candidatura de Armandinho Dantas a deputado estadual. A deputada estadual e pr\u00e9-candidata a deputada federal, Fab\u00edola Cabral, tamb\u00e9m participou do evento.<\/span><\/p>\n<p style=\"text-align: justify;\">Mar\u00edlia foi enf\u00e1tica ao falar da import\u00e2ncia da pr\u00e9-candidatura de Armandinho para a Alepe. &#8220;Sua pr\u00e9-candidatura \u00e9 muito simb\u00f3lica no momento em que vivemos. Voc\u00ea representa a resist\u00eancia que a cultura e que a educa\u00e7\u00e3o precisam ter. Um nome como o de Armandinho \u00e9 muito importante para a nossa chapa, principalmente porque queremos combater esse projeto que est\u00e1 cada vez mais degradando nosso estado&#8221;, afirma Mar\u00edlia.<\/p>\n<p style=\"text-align: justify;\">A pr\u00e9-candidata ao Governo do Estado usou o exemplo da Lia de Itamarac\u00e1 para ilustrar a persegui\u00e7\u00e3o que os artistas pernambucanos est\u00e3o sofrendo. &#8220;Lia de Itamarac\u00e1, por exemplo, \u00edcone de nossa cultura, recentemente, gravou um v\u00eddeo com a gente, e, logo em seguida, v\u00e1rios shows seus foram cancelados.&#8221;<\/p>\n<p style=\"text-align: justify;\">Para Armandinho, visivelmente emocionado, a presen\u00e7a de Mar\u00edlia, Andr\u00e9 e Fab\u00edola representa a unidade da chapa do Solidariedade. &#8220;Voc\u00eas tr\u00eas far\u00e3o parte da transforma\u00e7\u00e3o do Agreste, de Caruaru, de Pernambuco. Hoje, pela primeira vez, eu sinto que estou num grupo pol\u00edtico. Aqui \u00e9 o grupo da renova\u00e7\u00e3o do Estado.&#8221;<\/p>\n<p style=\"text-align: justify;\">Andre de Paula tamb\u00e9m falou sobre a import\u00e2ncia da pr\u00e9-candidatura de Armandinho para a disputa deste ano. &#8220;Estou numa fase de minha vida p\u00fablica que consigo identificar pessoas comprometidas e Armandinho representa esse comprometimento. Voc\u00ea conquistou meu respeito e admira\u00e7\u00e3o.&#8221;<\/p>\n<p style=\"text-align: justify;\">Para Fab\u00edola Cabral, que faz uma dobradinha com Armandinho, o pr\u00e9-candidato tem tudo para fazer um grande trabalho na Assembleia Legislativa. &#8220;Eu tenho certeza que com a for\u00e7a desse grupo daqui, Armandinho ser\u00e1 um grande deputado.&#8221;<\/p>\n\n\n<figure class=\"wp-block-image size-large\"><img loading=\"lazy\" decoding=\"async\" width=\"1024\" height=\"682\" src=\"https:\/\/blogdoedvaldomagalhaes.com.br\/wp-content\/uploads\/2022\/07\/IMG-20220727-WA0092-1024x682.jpg\" alt=\"\" class=\"wp-image-85709\" srcset=\"https:\/\/blogdoedvaldomagalhaes.com.br\/wp-content\/uploads\/2022\/07\/IMG-20220727-WA0092-1024x682.jpg 1024w, https:\/\/blogdoedvaldomagalhaes.com.br\/wp-content\/uploads\/2022\/07\/IMG-20220727-WA0092-300x200.jpg 300w, https:\/\/blogdoedvaldomagalhaes.com.br\/wp-content\/uploads\/2022\/07\/IMG-20220727-WA0092-768x512.jpg 768w, https:\/\/blogdoedvaldomagalhaes.com.br\/wp-content\/uploads\/2022\/07\/IMG-20220727-WA0092-1536x1023.jpg 1536w, https:\/\/blogdoedvaldomagalhaes.com.br\/wp-content\/uploads\/2022\/07\/IMG-20220727-WA0092.jpg 1600w\" sizes=\"auto, (max-width: 1024px) 100vw, 1024px\" \/><figcaption>Fotos: Tiago Calazans<\/figcaption><\/figure>\n","protected":false},"excerpt":{"rendered":"<p>Depois de passar por seis munic\u00edpios nos \u00faltimos dias, a pr\u00e9-candidata ao Governo de Pernambuco, Mar\u00edlia Arraes, e o pr\u00e9-candidato&hellip;<\/p>\n","protected":false},"author":1,"featured_media":85708,"comment_status":"open","ping_status":"open","sticky":false,"template":"","format":"standard","meta":{"footnotes":""},"categories":[14122],"tags":[992,19532,3406,25171,20],"class_list":["post-85707","post","type-post","status-publish","format-standard","has-post-thumbnail","hentry","category-politica","tag-blog-do-edvaldo-do-magalhaes","tag-blog-mais-acessado-e-visualizado-de-caruaru-e-regiao","tag-caruaru","tag-marilia-arraes-participa-do-lancamento-da-pre-candidatura-de-armandinho-dantas-a-deputado-estadual-em-caruaru","tag-politica"],"_links":{"self":[{"href":"https:\/\/blogdoedvaldomagalhaes.com.br\/index.php\/wp-json\/wp\/v2\/posts\/85707","targetHints":{"allow":["GET"]}}],"collection":[{"href":"https:\/\/blogdoedvaldomagalhaes.com.br\/index.php\/wp-json\/wp\/v2\/posts"}],"about":[{"href":"https:\/\/blogdoedvaldomagalhaes.com.br\/index.php\/wp-json\/wp\/v2\/types\/post"}],"author":[{"embeddable":true,"href":"https:\/\/blogdoedvaldomagalhaes.com.br\/index.php\/wp-json\/wp\/v2\/users\/1"}],"replies":[{"embeddable":true,"href":"https:\/\/blogdoedvaldomagalhaes.com.br\/index.php\/wp-json\/wp\/v2\/comments?post=85707"}],"version-history":[{"count":1,"href":"https:\/\/blogdoedvaldomagalhaes.com.br\/index.php\/wp-json\/wp\/v2\/posts\/85707\/revisions"}],"predecessor-version":[{"id":85710,"href":"https:\/\/blogdoedvaldomagalhaes.com.br\/index.php\/wp-json\/wp\/v2\/posts\/85707\/revisions\/85710"}],"wp:featuredmedia":[{"embeddable":true,"href":"https:\/\/blogdoedvaldomagalhaes.com.br\/index.php\/wp-json\/wp\/v2\/media\/85708"}],"wp:attachment":[{"href":"https:\/\/blogdoedvaldomagalhaes.com.br\/index.php\/wp-json\/wp\/v2\/media?parent=85707"}],"wp:term":[{"taxonomy":"category","embeddable":true,"href":"https:\/\/blogdoedvaldomagalhaes.com.br\/index.php\/wp-json\/wp\/v2\/categories?post=85707"},{"taxonomy":"post_tag","embeddable":true,"href":"https:\/\/blogdoedvaldomagalhaes.com.br\/index.php\/wp-json\/wp\/v2\/tags?post=85707"}],"curies":[{"name":"wp","href":"https:\/\/api.w.org\/{rel}","templated":true}]}}