{"id":85702,"date":"2022-07-27T16:13:11","date_gmt":"2022-07-27T19:13:11","guid":{"rendered":"https:\/\/blogdoedvaldomagalhaes.com.br\/?p=85702"},"modified":"2022-07-27T16:13:12","modified_gmt":"2022-07-27T19:13:12","slug":"clube-ibra-tenis-de-mesa-de-caruaru-participa-do-pernambucano-camocim-de-sao-felix","status":"publish","type":"post","link":"https:\/\/blogdoedvaldomagalhaes.com.br\/index.php\/2022\/07\/27\/clube-ibra-tenis-de-mesa-de-caruaru-participa-do-pernambucano-camocim-de-sao-felix\/","title":{"rendered":"Clube Ibra T\u00eanis de Mesa de Caruaru participa do Pernambucano Camocim de S\u00e3o F\u00e9lix"},"content":{"rendered":"<p style=\"text-align: justify;\"><span style=\"font-size: inherit;\">O Clube caruaruense Ibra TDM participa este final de semana, da segunda etapa do Campeonato Pernambucano de T\u00eanis de Mesa em Camocim de S\u00e3o F\u00e9lix.<\/span><\/p>\n<p style=\"text-align: justify;\">A competi\u00e7\u00e3o \u00e9 realizada pela Federa\u00e7\u00e3o Pernambucana de T\u00eanis de Mesa &#8211; FPETM &#8211; com mais de 20 categorias ol\u00edmpicas e paraol\u00edmpicas de oito cidades participantes (Caruaru, Arcoverde, Camocim de S\u00e3o F\u00e9lix, S\u00e3o Bento do Una, Sanhar\u00f3, Recife, Cabo de Santo Agostinho e Petrolina) e contar\u00e1 com mais de 100 mesatenistas.<\/p>\n<p style=\"text-align: justify;\">A equipe da Ibra TDM estar\u00e1 participando como a segunda maior delega\u00e7\u00e3o com um total de 27 mesatenistas.<\/p>\n<p style=\"text-align: justify;\">&#8220;Os atletas treinaram muito para essa etapa e nosso objetivo \u00e9 poder dar o melhor de cada um nos jogos e fortalecer o nosso clube em competi\u00e7\u00f5es estaduais&#8221;, disse o t\u00e9cnico e presidente da Ibra Severino J\u00fanior.<\/p>\n<p style=\"text-align: justify;\">Mais informa\u00e7\u00f5es pelo Instagram @ibratm ou pelo whatsapp: 9.9313.9096.<\/p>\n","protected":false},"excerpt":{"rendered":"<p>O Clube caruaruense Ibra TDM participa este final de semana, da segunda etapa do Campeonato Pernambucano de T\u00eanis de Mesa&hellip;<\/p>\n","protected":false},"author":1,"featured_media":85703,"comment_status":"open","ping_status":"open","sticky":false,"template":"","format":"standard","meta":{"footnotes":""},"categories":[14120],"tags":[2,19532,3406,25170],"class_list":["post-85702","post","type-post","status-publish","format-standard","has-post-thumbnail","hentry","category-noticias","tag-blog-do-edvaldo-magalhaes","tag-blog-mais-acessado-e-visualizado-de-caruaru-e-regiao","tag-caruaru","tag-clube-ibra-tenis-de-mesa-de-caruaru-participa-do-pernambucano-camocim-de-sao-felix"],"_links":{"self":[{"href":"https:\/\/blogdoedvaldomagalhaes.com.br\/index.php\/wp-json\/wp\/v2\/posts\/85702","targetHints":{"allow":["GET"]}}],"collection":[{"href":"https:\/\/blogdoedvaldomagalhaes.com.br\/index.php\/wp-json\/wp\/v2\/posts"}],"about":[{"href":"https:\/\/blogdoedvaldomagalhaes.com.br\/index.php\/wp-json\/wp\/v2\/types\/post"}],"author":[{"embeddable":true,"href":"https:\/\/blogdoedvaldomagalhaes.com.br\/index.php\/wp-json\/wp\/v2\/users\/1"}],"replies":[{"embeddable":true,"href":"https:\/\/blogdoedvaldomagalhaes.com.br\/index.php\/wp-json\/wp\/v2\/comments?post=85702"}],"version-history":[{"count":1,"href":"https:\/\/blogdoedvaldomagalhaes.com.br\/index.php\/wp-json\/wp\/v2\/posts\/85702\/revisions"}],"predecessor-version":[{"id":85704,"href":"https:\/\/blogdoedvaldomagalhaes.com.br\/index.php\/wp-json\/wp\/v2\/posts\/85702\/revisions\/85704"}],"wp:featuredmedia":[{"embeddable":true,"href":"https:\/\/blogdoedvaldomagalhaes.com.br\/index.php\/wp-json\/wp\/v2\/media\/85703"}],"wp:attachment":[{"href":"https:\/\/blogdoedvaldomagalhaes.com.br\/index.php\/wp-json\/wp\/v2\/media?parent=85702"}],"wp:term":[{"taxonomy":"category","embeddable":true,"href":"https:\/\/blogdoedvaldomagalhaes.com.br\/index.php\/wp-json\/wp\/v2\/categories?post=85702"},{"taxonomy":"post_tag","embeddable":true,"href":"https:\/\/blogdoedvaldomagalhaes.com.br\/index.php\/wp-json\/wp\/v2\/tags?post=85702"}],"curies":[{"name":"wp","href":"https:\/\/api.w.org\/{rel}","templated":true}]}}