{"id":85674,"date":"2022-07-27T08:46:28","date_gmt":"2022-07-27T11:46:28","guid":{"rendered":"https:\/\/blogdoedvaldomagalhaes.com.br\/?p=85674"},"modified":"2022-07-27T09:19:36","modified_gmt":"2022-07-27T12:19:36","slug":"ex-vereador-de-caruaru-e-morto-a-facadas-em-gravata","status":"publish","type":"post","link":"https:\/\/blogdoedvaldomagalhaes.com.br\/index.php\/2022\/07\/27\/ex-vereador-de-caruaru-e-morto-a-facadas-em-gravata\/","title":{"rendered":"Ex-vereador de Caruaru \u00e9 morto a facadas em Gravat\u00e1"},"content":{"rendered":"<p style=\"text-align: justify;\"><span style=\"font-size: inherit;\">A pol\u00edcia registrou um homic\u00eddio no final da noite dessa ter\u00e7a-feira (26) em Gravat\u00e1, no Agreste de Pernambuco. O crime aconteceu na rua Tom\u00e9 Rio Monteiros, que fica pr\u00f3xima da BR-232.<\/span><\/p>\n<p style=\"text-align: justify;\">O comerciante Waldemir Ernesto de Souza, de 61 anos de idade, que era propriet\u00e1rio de uma oficina localizada na via local da BR-232, foi morto a facadas por um indiv\u00edduo de identidade ainda desconhecida. Waldemir Ernesto, foi candidato a vereador na elei\u00e7\u00e3o municipal de Caruaru em 1996, ficando na primeira supl\u00eancia, e no segundo semestre de 1997 ele assumiu uma cadeira na C\u00e2mara Municipal, ap\u00f3s o vereador Ubirajara ser assassinado.<\/p>\n<p style=\"text-align: justify;\">A 5\u00aa CIPM isolou o local at\u00e9 a chegada de peritos do Instituto de Criminal\u00edstica. O<span style=\"font-size: inherit;\"> crime foi registrado pela Pol\u00edcia Civil e ser\u00e1 investigado pela 62\u00aa DEPOL. O corpo do comerciante foi encaminhado ao Instituto de Medicina Legal \u2013 IML do Recife.<\/span><\/p>\n","protected":false},"excerpt":{"rendered":"<p>A pol\u00edcia registrou um homic\u00eddio no final da noite dessa ter\u00e7a-feira (26) em Gravat\u00e1, no Agreste de Pernambuco. O crime&hellip;<\/p>\n","protected":false},"author":1,"featured_media":85675,"comment_status":"open","ping_status":"open","sticky":false,"template":"","format":"standard","meta":{"footnotes":""},"categories":[14121],"tags":[2,19532,3406,25166,5448],"class_list":["post-85674","post","type-post","status-publish","format-standard","has-post-thumbnail","hentry","category-policial","tag-blog-do-edvaldo-magalhaes","tag-blog-mais-acessado-e-visualizado-de-caruaru-e-regiao","tag-caruaru","tag-ex-vereador-de-caruaru-e-morto-a-facadas-em-gravata","tag-homicidio"],"_links":{"self":[{"href":"https:\/\/blogdoedvaldomagalhaes.com.br\/index.php\/wp-json\/wp\/v2\/posts\/85674","targetHints":{"allow":["GET"]}}],"collection":[{"href":"https:\/\/blogdoedvaldomagalhaes.com.br\/index.php\/wp-json\/wp\/v2\/posts"}],"about":[{"href":"https:\/\/blogdoedvaldomagalhaes.com.br\/index.php\/wp-json\/wp\/v2\/types\/post"}],"author":[{"embeddable":true,"href":"https:\/\/blogdoedvaldomagalhaes.com.br\/index.php\/wp-json\/wp\/v2\/users\/1"}],"replies":[{"embeddable":true,"href":"https:\/\/blogdoedvaldomagalhaes.com.br\/index.php\/wp-json\/wp\/v2\/comments?post=85674"}],"version-history":[{"count":3,"href":"https:\/\/blogdoedvaldomagalhaes.com.br\/index.php\/wp-json\/wp\/v2\/posts\/85674\/revisions"}],"predecessor-version":[{"id":85689,"href":"https:\/\/blogdoedvaldomagalhaes.com.br\/index.php\/wp-json\/wp\/v2\/posts\/85674\/revisions\/85689"}],"wp:featuredmedia":[{"embeddable":true,"href":"https:\/\/blogdoedvaldomagalhaes.com.br\/index.php\/wp-json\/wp\/v2\/media\/85675"}],"wp:attachment":[{"href":"https:\/\/blogdoedvaldomagalhaes.com.br\/index.php\/wp-json\/wp\/v2\/media?parent=85674"}],"wp:term":[{"taxonomy":"category","embeddable":true,"href":"https:\/\/blogdoedvaldomagalhaes.com.br\/index.php\/wp-json\/wp\/v2\/categories?post=85674"},{"taxonomy":"post_tag","embeddable":true,"href":"https:\/\/blogdoedvaldomagalhaes.com.br\/index.php\/wp-json\/wp\/v2\/tags?post=85674"}],"curies":[{"name":"wp","href":"https:\/\/api.w.org\/{rel}","templated":true}]}}