{"id":85671,"date":"2022-07-26T19:42:03","date_gmt":"2022-07-26T22:42:03","guid":{"rendered":"https:\/\/blogdoedvaldomagalhaes.com.br\/?p=85671"},"modified":"2022-07-26T19:42:04","modified_gmt":"2022-07-26T22:42:04","slug":"motociclista-e-abordado-pela-prf-e-acaba-preso-pelo-crime-de-extorsao","status":"publish","type":"post","link":"https:\/\/blogdoedvaldomagalhaes.com.br\/index.php\/2022\/07\/26\/motociclista-e-abordado-pela-prf-e-acaba-preso-pelo-crime-de-extorsao\/","title":{"rendered":"Motociclista \u00e9 abordado pela PRF e acaba preso pelo crime de extors\u00e3o"},"content":{"rendered":"<div id=\"content-core\">\n<div id=\"parent-fieldname-text\" class=\"\">\n<div>\n<p style=\"text-align: justify;\">Na manh\u00e3 desta ter\u00e7a (26), a Pol\u00edcia Rodovi\u00e1ria Federal (PRF), em comando de fiscaliza\u00e7\u00e3o, deu ordem de parada a uma motocicleta Honda\/CG que circulava na BR-232, em Salgueiro, sert\u00e3o de Pernambuco.<\/p>\n<p style=\"text-align: justify;\">A moto era conduzido por um homem. Nenhuma irregularidade foi observada na vistoria ao ve\u00edculo. J\u00e1 quanto ao condutor, os PRF levantaram a informa\u00e7\u00e3o de que contra ele havia em aberto um mandado de pris\u00e3o preventiva pelo crime de extors\u00e3o mediante sequestro.<\/p>\n<p style=\"text-align: justify;\">Os policiais deram voz de pris\u00e3o ao condutor. Ele foi encaminhado para a Delegacia de Pol\u00edcia Civil em Salgueiro.<\/p>\n<\/div>\n<\/div>\n<\/div>\n","protected":false},"excerpt":{"rendered":"<p>Na manh\u00e3 desta ter\u00e7a (26), a Pol\u00edcia Rodovi\u00e1ria Federal (PRF), em comando de fiscaliza\u00e7\u00e3o, deu ordem de parada a uma&hellip;<\/p>\n","protected":false},"author":1,"featured_media":85672,"comment_status":"open","ping_status":"open","sticky":false,"template":"","format":"standard","meta":{"footnotes":""},"categories":[14121],"tags":[2,19532,3406,25165],"class_list":["post-85671","post","type-post","status-publish","format-standard","has-post-thumbnail","hentry","category-policial","tag-blog-do-edvaldo-magalhaes","tag-blog-mais-acessado-e-visualizado-de-caruaru-e-regiao","tag-caruaru","tag-motociclista-e-abordado-pela-prf-e-acaba-preso-pelo-crime-de-extorsao"],"_links":{"self":[{"href":"https:\/\/blogdoedvaldomagalhaes.com.br\/index.php\/wp-json\/wp\/v2\/posts\/85671","targetHints":{"allow":["GET"]}}],"collection":[{"href":"https:\/\/blogdoedvaldomagalhaes.com.br\/index.php\/wp-json\/wp\/v2\/posts"}],"about":[{"href":"https:\/\/blogdoedvaldomagalhaes.com.br\/index.php\/wp-json\/wp\/v2\/types\/post"}],"author":[{"embeddable":true,"href":"https:\/\/blogdoedvaldomagalhaes.com.br\/index.php\/wp-json\/wp\/v2\/users\/1"}],"replies":[{"embeddable":true,"href":"https:\/\/blogdoedvaldomagalhaes.com.br\/index.php\/wp-json\/wp\/v2\/comments?post=85671"}],"version-history":[{"count":1,"href":"https:\/\/blogdoedvaldomagalhaes.com.br\/index.php\/wp-json\/wp\/v2\/posts\/85671\/revisions"}],"predecessor-version":[{"id":85673,"href":"https:\/\/blogdoedvaldomagalhaes.com.br\/index.php\/wp-json\/wp\/v2\/posts\/85671\/revisions\/85673"}],"wp:featuredmedia":[{"embeddable":true,"href":"https:\/\/blogdoedvaldomagalhaes.com.br\/index.php\/wp-json\/wp\/v2\/media\/85672"}],"wp:attachment":[{"href":"https:\/\/blogdoedvaldomagalhaes.com.br\/index.php\/wp-json\/wp\/v2\/media?parent=85671"}],"wp:term":[{"taxonomy":"category","embeddable":true,"href":"https:\/\/blogdoedvaldomagalhaes.com.br\/index.php\/wp-json\/wp\/v2\/categories?post=85671"},{"taxonomy":"post_tag","embeddable":true,"href":"https:\/\/blogdoedvaldomagalhaes.com.br\/index.php\/wp-json\/wp\/v2\/tags?post=85671"}],"curies":[{"name":"wp","href":"https:\/\/api.w.org\/{rel}","templated":true}]}}