{"id":85668,"date":"2022-07-26T19:29:19","date_gmt":"2022-07-26T22:29:19","guid":{"rendered":"https:\/\/blogdoedvaldomagalhaes.com.br\/?p=85668"},"modified":"2022-07-26T19:29:21","modified_gmt":"2022-07-26T22:29:21","slug":"prf-recupera-carro-roubado-e-comercializado-em-site-de-compra-e-vendas","status":"publish","type":"post","link":"https:\/\/blogdoedvaldomagalhaes.com.br\/index.php\/2022\/07\/26\/prf-recupera-carro-roubado-e-comercializado-em-site-de-compra-e-vendas\/","title":{"rendered":"PRF recupera carro roubado e comercializado em site de compra e vendas"},"content":{"rendered":"<p style=\"text-align: justify;\">Checar bem a proced\u00eancia do ve\u00edculo \u00e9 importante para n\u00e3o sair no preju\u00edzo financeiro e ainda suspeito de crime. O condutor de um VW\/Gol foi encaminhado para a delegacia ap\u00f3s agentes da Pol\u00edcia Rodovi\u00e1ria Federal (PRF) observarem adultera\u00e7\u00f5es nos elementos identificadores do autom\u00f3vel.<\/p>\n<p style=\"text-align: justify;\">O homem recebeu ordem de parada enquanto circulava na BR-232, em S\u00e3o Caitano, na manh\u00e3 desta ter\u00e7a (26). Aos PRFs o condutor disse ter comprado o ve\u00edculo em Recife\/PE num site de compra e vendas e que o baixo valor pago seria por conta de um financiamento.<\/p>\n<p style=\"text-align: justify;\">Na realidade se tratava de um ve\u00edculo clone. Os policiais descobriram que estavam diante de um carro com caracter\u00edsticas semelhantes, por\u00e9m com registro de roubo\/furto feito h\u00e1 3 anos na cidade de Buenos Aires\/PE. O condutor foi levado para a Pol\u00edcia Civil onde ser\u00e1 investigado se houve o crime de recepta\u00e7\u00e3o.<\/p>\n","protected":false},"excerpt":{"rendered":"<p>Checar bem a proced\u00eancia do ve\u00edculo \u00e9 importante para n\u00e3o sair no preju\u00edzo financeiro e ainda suspeito de crime. O&hellip;<\/p>\n","protected":false},"author":1,"featured_media":85669,"comment_status":"open","ping_status":"open","sticky":false,"template":"","format":"standard","meta":{"footnotes":""},"categories":[14121],"tags":[2,19532,3406,25164],"class_list":["post-85668","post","type-post","status-publish","format-standard","has-post-thumbnail","hentry","category-policial","tag-blog-do-edvaldo-magalhaes","tag-blog-mais-acessado-e-visualizado-de-caruaru-e-regiao","tag-caruaru","tag-prf-recupera-carro-roubado-e-comercializado-em-site-de-compra-e-vendas"],"_links":{"self":[{"href":"https:\/\/blogdoedvaldomagalhaes.com.br\/index.php\/wp-json\/wp\/v2\/posts\/85668","targetHints":{"allow":["GET"]}}],"collection":[{"href":"https:\/\/blogdoedvaldomagalhaes.com.br\/index.php\/wp-json\/wp\/v2\/posts"}],"about":[{"href":"https:\/\/blogdoedvaldomagalhaes.com.br\/index.php\/wp-json\/wp\/v2\/types\/post"}],"author":[{"embeddable":true,"href":"https:\/\/blogdoedvaldomagalhaes.com.br\/index.php\/wp-json\/wp\/v2\/users\/1"}],"replies":[{"embeddable":true,"href":"https:\/\/blogdoedvaldomagalhaes.com.br\/index.php\/wp-json\/wp\/v2\/comments?post=85668"}],"version-history":[{"count":1,"href":"https:\/\/blogdoedvaldomagalhaes.com.br\/index.php\/wp-json\/wp\/v2\/posts\/85668\/revisions"}],"predecessor-version":[{"id":85670,"href":"https:\/\/blogdoedvaldomagalhaes.com.br\/index.php\/wp-json\/wp\/v2\/posts\/85668\/revisions\/85670"}],"wp:featuredmedia":[{"embeddable":true,"href":"https:\/\/blogdoedvaldomagalhaes.com.br\/index.php\/wp-json\/wp\/v2\/media\/85669"}],"wp:attachment":[{"href":"https:\/\/blogdoedvaldomagalhaes.com.br\/index.php\/wp-json\/wp\/v2\/media?parent=85668"}],"wp:term":[{"taxonomy":"category","embeddable":true,"href":"https:\/\/blogdoedvaldomagalhaes.com.br\/index.php\/wp-json\/wp\/v2\/categories?post=85668"},{"taxonomy":"post_tag","embeddable":true,"href":"https:\/\/blogdoedvaldomagalhaes.com.br\/index.php\/wp-json\/wp\/v2\/tags?post=85668"}],"curies":[{"name":"wp","href":"https:\/\/api.w.org\/{rel}","templated":true}]}}