{"id":85665,"date":"2022-07-26T18:14:00","date_gmt":"2022-07-26T21:14:00","guid":{"rendered":"https:\/\/blogdoedvaldomagalhaes.com.br\/?p=85665"},"modified":"2022-07-26T18:14:02","modified_gmt":"2022-07-26T21:14:02","slug":"federacao-pt-pcdob-pv-faz-convencao-e-homologa-apoio-a-danilo-para-governador","status":"publish","type":"post","link":"https:\/\/blogdoedvaldomagalhaes.com.br\/index.php\/2022\/07\/26\/federacao-pt-pcdob-pv-faz-convencao-e-homologa-apoio-a-danilo-para-governador\/","title":{"rendered":"Federa\u00e7\u00e3o PT\/PCdoB\/PV faz conven\u00e7\u00e3o e homologa apoio a Danilo para governador"},"content":{"rendered":"<p style=\"text-align: justify;\"><span style=\"font-size: inherit;\">O pr\u00e9-candidato a governador Danilo Cabral prestigiou, nesta ter\u00e7a-feira (26), a conven\u00e7\u00e3o da Federa\u00e7\u00e3o Partid\u00e1ria formada pelo PT, PCdoB e PV. No encontro, realizado na Assembleia Legislativa, as tr\u00eas legendas formalizaram o apoio \u00e0 chapa majorit\u00e1ria da Frente Popular, que, al\u00e9m de Danilo, conta com Luciana Santos na vice e Teresa Leit\u00e3o, no Senado. Tamb\u00e9m na ocasi\u00e3o foram homologadas as candidaturas a deputado federal e a deputado estadual das siglas.<\/span><\/p>\n<p style=\"text-align: justify;\">Ao lado de Luciana e Teresa, Danilo agradeceu ao apoio, fundamental para lev\u00e1-lo ao Pal\u00e1cio do Campo das Princesas em 2023. \u201cConstru\u00edmos uma frente ampla; n\u00e3o um ajuntamento de ressentidos. Recebo com muito orgulho esse apoio e a delega\u00e7\u00e3o de representar o fio condutor de um conjunto pol\u00edtico que tem tantos companheiros, como Arraes, Eduardo Campos e Lula\u201d, afirmou.<\/p>\n<p style=\"text-align: justify;\">O socialista ainda destacou que, sob a lideran\u00e7a do ex-presidente Lula, as for\u00e7as progressistas de Pernambuco e do Brasil v\u00e3o tirar Bolsonaro do poder e restabelecer a Democracia na vida do povo. Por fim, Danilo convocou os candidatos a participarem da conven\u00e7\u00e3o da Frente Popular, no pr\u00f3ximo dia 5 de agosto, no Clube Portugu\u00eas do Recife.<\/p>\n<p style=\"text-align: justify;\">FRANCISMAR &#8211; Antes da conven\u00e7\u00e3o da federa\u00e7\u00e3o, Danilo participou do lan\u00e7amento da pr\u00e9-candidatura \u00e0 reelei\u00e7\u00e3o do deputado estadual Francismar Pontes, no Recife. Danilo foi vereador da capital com Francismar e, em seu discurso, enalteceu o trabalho do parlamentar, que \u00e9 m\u00e9dico, na \u00e1rea da sa\u00fade, acolhendo as pessoas e realizando cirurgias nas comunidades.<\/p>\n<p style=\"text-align: justify;\">\u201cPara muito al\u00e9m da pol\u00edtica, Francismar constr\u00f3i rela\u00e7\u00f5es de amizade. \u00c9 um deputado que n\u00e3o para de trabalhar um s\u00f3 minuto pelo seu povo. Vim aqui dar o testemunho de que como o seu mandato \u00e9 importante\u201d, ressaltou Danilo.<\/p>\n<p style=\"text-align: justify;\">Foto: Marcus Mendes<\/p>\n","protected":false},"excerpt":{"rendered":"<p>O pr\u00e9-candidato a governador Danilo Cabral prestigiou, nesta ter\u00e7a-feira (26), a conven\u00e7\u00e3o da Federa\u00e7\u00e3o Partid\u00e1ria formada pelo PT, PCdoB e&hellip;<\/p>\n","protected":false},"author":1,"featured_media":85666,"comment_status":"open","ping_status":"open","sticky":false,"template":"","format":"standard","meta":{"footnotes":""},"categories":[14122],"tags":[2,19532,3406,25163,20],"class_list":["post-85665","post","type-post","status-publish","format-standard","has-post-thumbnail","hentry","category-politica","tag-blog-do-edvaldo-magalhaes","tag-blog-mais-acessado-e-visualizado-de-caruaru-e-regiao","tag-caruaru","tag-federacao-pt-pcdob-pv-faz-convencao-e-homologa-apoio-a-danilo-para-governador","tag-politica"],"_links":{"self":[{"href":"https:\/\/blogdoedvaldomagalhaes.com.br\/index.php\/wp-json\/wp\/v2\/posts\/85665","targetHints":{"allow":["GET"]}}],"collection":[{"href":"https:\/\/blogdoedvaldomagalhaes.com.br\/index.php\/wp-json\/wp\/v2\/posts"}],"about":[{"href":"https:\/\/blogdoedvaldomagalhaes.com.br\/index.php\/wp-json\/wp\/v2\/types\/post"}],"author":[{"embeddable":true,"href":"https:\/\/blogdoedvaldomagalhaes.com.br\/index.php\/wp-json\/wp\/v2\/users\/1"}],"replies":[{"embeddable":true,"href":"https:\/\/blogdoedvaldomagalhaes.com.br\/index.php\/wp-json\/wp\/v2\/comments?post=85665"}],"version-history":[{"count":1,"href":"https:\/\/blogdoedvaldomagalhaes.com.br\/index.php\/wp-json\/wp\/v2\/posts\/85665\/revisions"}],"predecessor-version":[{"id":85667,"href":"https:\/\/blogdoedvaldomagalhaes.com.br\/index.php\/wp-json\/wp\/v2\/posts\/85665\/revisions\/85667"}],"wp:featuredmedia":[{"embeddable":true,"href":"https:\/\/blogdoedvaldomagalhaes.com.br\/index.php\/wp-json\/wp\/v2\/media\/85666"}],"wp:attachment":[{"href":"https:\/\/blogdoedvaldomagalhaes.com.br\/index.php\/wp-json\/wp\/v2\/media?parent=85665"}],"wp:term":[{"taxonomy":"category","embeddable":true,"href":"https:\/\/blogdoedvaldomagalhaes.com.br\/index.php\/wp-json\/wp\/v2\/categories?post=85665"},{"taxonomy":"post_tag","embeddable":true,"href":"https:\/\/blogdoedvaldomagalhaes.com.br\/index.php\/wp-json\/wp\/v2\/tags?post=85665"}],"curies":[{"name":"wp","href":"https:\/\/api.w.org\/{rel}","templated":true}]}}