{"id":85662,"date":"2022-07-26T17:55:39","date_gmt":"2022-07-26T20:55:39","guid":{"rendered":"https:\/\/blogdoedvaldomagalhaes.com.br\/?p=85662"},"modified":"2022-07-26T17:55:40","modified_gmt":"2022-07-26T20:55:40","slug":"tony-gel-e-tonynho-visitam-serrote-dos-bois-e-manicoba","status":"publish","type":"post","link":"https:\/\/blogdoedvaldomagalhaes.com.br\/index.php\/2022\/07\/26\/tony-gel-e-tonynho-visitam-serrote-dos-bois-e-manicoba\/","title":{"rendered":"Tony Gel e Tonynho visitam Serrote dos Bois e Mani\u00e7oba"},"content":{"rendered":"<p style=\"text-align: justify;\"><span style=\"font-size: inherit;\">O deputado estadual Tony Gel (PSB) juntamente com o pr\u00e9-candidato a deputado federal Tonynho Rodrigues (MDB), estiveram na manh\u00e3 desta ter\u00e7a-feira (26), na vila de Serrote dos Bois na zona rural de Caruaru e em Mani\u00e7oba, zona rural de S\u00e3o Caetano.<\/span><\/p>\n<p style=\"text-align: justify;\">Em Serrote dos Bois, Tony e Tonynho garantiram aos moradores que de acordo com informa\u00e7\u00f5es passadas pelo Gerente Regional da Compesa, Denis Mendes, as obras de abastecimento de \u00e1gua dever\u00e3o ser iniciadas na pr\u00f3xima semana. J\u00e1 em Mani\u00e7oba ambos conferiram o andamento das obras tamb\u00e9m de abastecimento de \u00e1gua que j\u00e1 foram iniciadas e que devem avan\u00e7ar rapidamente ap\u00f3s a realiza\u00e7\u00e3o da tradicional festa religiosa da comunidade, que acontece no pr\u00f3ximo dia 15 de agosto.<\/p>\n<p style=\"text-align: justify;\">Nas duas comunidades, o trabalho de Tony Gel que garantiu a implanta\u00e7\u00e3o de novas redes de abastecimento de \u00e1gua foi elogiado por todos. Por onde passaram, pai e filho foram muito bem recepcionados.<\/p>\n","protected":false},"excerpt":{"rendered":"<p>O deputado estadual Tony Gel (PSB) juntamente com o pr\u00e9-candidato a deputado federal Tonynho Rodrigues (MDB), estiveram na manh\u00e3 desta&hellip;<\/p>\n","protected":false},"author":1,"featured_media":85663,"comment_status":"open","ping_status":"open","sticky":false,"template":"","format":"standard","meta":{"footnotes":""},"categories":[14122],"tags":[2,19532,3406,20,25162],"class_list":["post-85662","post","type-post","status-publish","format-standard","has-post-thumbnail","hentry","category-politica","tag-blog-do-edvaldo-magalhaes","tag-blog-mais-acessado-e-visualizado-de-caruaru-e-regiao","tag-caruaru","tag-politica","tag-tony-gel-e-tonynho-visitam-serrote-dos-bois-e-manicoba"],"_links":{"self":[{"href":"https:\/\/blogdoedvaldomagalhaes.com.br\/index.php\/wp-json\/wp\/v2\/posts\/85662","targetHints":{"allow":["GET"]}}],"collection":[{"href":"https:\/\/blogdoedvaldomagalhaes.com.br\/index.php\/wp-json\/wp\/v2\/posts"}],"about":[{"href":"https:\/\/blogdoedvaldomagalhaes.com.br\/index.php\/wp-json\/wp\/v2\/types\/post"}],"author":[{"embeddable":true,"href":"https:\/\/blogdoedvaldomagalhaes.com.br\/index.php\/wp-json\/wp\/v2\/users\/1"}],"replies":[{"embeddable":true,"href":"https:\/\/blogdoedvaldomagalhaes.com.br\/index.php\/wp-json\/wp\/v2\/comments?post=85662"}],"version-history":[{"count":1,"href":"https:\/\/blogdoedvaldomagalhaes.com.br\/index.php\/wp-json\/wp\/v2\/posts\/85662\/revisions"}],"predecessor-version":[{"id":85664,"href":"https:\/\/blogdoedvaldomagalhaes.com.br\/index.php\/wp-json\/wp\/v2\/posts\/85662\/revisions\/85664"}],"wp:featuredmedia":[{"embeddable":true,"href":"https:\/\/blogdoedvaldomagalhaes.com.br\/index.php\/wp-json\/wp\/v2\/media\/85663"}],"wp:attachment":[{"href":"https:\/\/blogdoedvaldomagalhaes.com.br\/index.php\/wp-json\/wp\/v2\/media?parent=85662"}],"wp:term":[{"taxonomy":"category","embeddable":true,"href":"https:\/\/blogdoedvaldomagalhaes.com.br\/index.php\/wp-json\/wp\/v2\/categories?post=85662"},{"taxonomy":"post_tag","embeddable":true,"href":"https:\/\/blogdoedvaldomagalhaes.com.br\/index.php\/wp-json\/wp\/v2\/tags?post=85662"}],"curies":[{"name":"wp","href":"https:\/\/api.w.org\/{rel}","templated":true}]}}